{"id":174794,"date":"2025-12-04T00:18:19","date_gmt":"2025-12-04T00:18:19","guid":{"rendered":"https:\/\/www.europesays.com\/pt\/174794\/"},"modified":"2025-12-04T00:18:19","modified_gmt":"2025-12-04T00:18:19","slug":"petroleo-e-gas-a-subir-com-fim-das-compras-a-russia","status":"publish","type":"post","link":"https:\/\/www.europesays.com\/pt\/174794\/","title":{"rendered":"Petr\u00f3leo e g\u00e1s a subir com fim das compras \u00e0 R\u00fassia"},"content":{"rendered":"<p>        A Uni\u00e3o Europeia j\u00e1 chegou a acordo para colocar fim \u00e0s compras de g\u00e1s russo e quer deixar de comprar petr\u00f3leo no espa\u00e7o de dois anos. \u201cDecis\u00e3o hist\u00f3rica\u201d, destaca a Comiss\u00e3o Europeia.    <\/p>\n<p>Os pre\u00e7os do petr\u00f3leo e do g\u00e1s est\u00e3o a subir esta quarta-feira depois de ter sido anunciado o fim definitivo das compras destas mat\u00e9rias-primas \u00e0 R\u00fassia.<\/p>\n<p>O barril de petr\u00f3leo Brent, para entrega em fevereiro, est\u00e1 a subir mais de 1% para mais de 62,7 d\u00f3lares esta ter\u00e7a-feira, com os contratos de g\u00e1s no \u00edndice TTF para entrega em janeiro a subirem menos de 0,2% para 28,1 euros\/MWh.<\/p>\n<p>As maiores subidas no espa\u00e7o de um ano no g\u00e1s registam-se nos contratos para entrega em setembro e novembro de 2026, com aumentos acima de 0,6%. No petr\u00f3leo, os contratos para entrega em outubro de 2026 superam os 3%, com a entrega em novembro de 2026 a superar os 2%.<\/p>\n<p>A decis\u00e3o foi anunciada esta quarta-feira em Bruxelas depois de o Parlamento Europeu e o Conselho terem alcan\u00e7ado um \u201cacordo provis\u00f3rio\u201d para colocar um fim permanente \u00e0 importa\u00e7\u00e3o de g\u00e1s russo e avan\u00e7ar para a progressiva elimina\u00e7\u00e3o do petr\u00f3leo russo.<\/p>\n<p class=\"x_MsoNormal\" data-ogsc=\"\">At\u00e9 31 de dezembro de 2026, terminam as compras de g\u00e1s natural liquefeito (GNL) que chega \u00e0 Europa via navio. At\u00e9 30 de setembro de 2027, terminam as compras do g\u00e1s transportado por gasodutos.<\/p>\n<p data-ogsc=\"\">No petr\u00f3leo, a Comiss\u00e3o Europeia disse hoje que \u201ccontinua empenhada\u201d em acabar com todas as compras \u00e0 R\u00fassia at\u00e9 ao final de 2027.<\/p>\n<p>A Comiss\u00e3o pretende apresentar uma proposta no in\u00edcio de 2026 com vista a atingir este objetivo, revelou o \u201cPolitico\u201d esta quarta-feira.<\/p>\n<p>O Parlamento tem pressionado a Comiss\u00e3o para avan\u00e7ar com este cancelamento, mas v\u00e1rias diverg\u00eancias t\u00eam impedido o acordo.<\/p>\n<p>A Comiss\u00e3o Europeia, liderada por Ursula von der Leyen, considerou esta quarta-feira que esta \u00e9 uma \u201cdecis\u00e3o hist\u00f3rica\u201d que vai colocar um ponto final na \u201cdepend\u00eancia da UE de um fornecedor pouco fi\u00e1vel que tem desestabilizado repetidamente os mercados europeus da energia, posto em risco a seguran\u00e7a do aprovisionamento com chantagem energ\u00e9tica e prejudicado a economia europeia\u201d.<\/p>\n<p>\u201cO fim das importa\u00e7\u00f5es de combust\u00edveis f\u00f3sseis russos \u00e9 um passo essencial para garantir a independ\u00eancia energ\u00e9tica, a competitividade, a resili\u00eancia e a estabilidade do mercado da Europa\u201d, disse a Comiss\u00e3o Europeia esta quarta-feira.<\/p>\n","protected":false},"excerpt":{"rendered":"A Uni\u00e3o Europeia j\u00e1 chegou a acordo para colocar fim \u00e0s compras de g\u00e1s russo e quer deixar&hellip;\n","protected":false},"author":2,"featured_media":174795,"comment_status":"","ping_status":"","sticky":false,"template":"","format":"standard","meta":{"footnotes":""},"categories":[50],"tags":[27,28,1835,15,16,12055,14,25,26,21,22,62,12,13,19,20,6153,23,24,839,17,18,1977,29,30,31,63,64,65],"class_list":{"0":"post-174794","1":"post","2":"type-post","3":"status-publish","4":"format-standard","5":"has-post-thumbnail","7":"category-mundo","8":"tag-breaking-news","9":"tag-breakingnews","10":"tag-bruxelas","11":"tag-featured-news","12":"tag-featurednews","13":"tag-gas","14":"tag-headlines","15":"tag-latest-news","16":"tag-latestnews","17":"tag-main-news","18":"tag-mainnews","19":"tag-mundo","20":"tag-news","21":"tag-noticias","22":"tag-noticias-principais","23":"tag-noticiasprincipais","24":"tag-petroleo","25":"tag-principais-noticias","26":"tag-principaisnoticias","27":"tag-russia","28":"tag-top-stories","29":"tag-topstories","30":"tag-ue","31":"tag-ultimas","32":"tag-ultimas-noticias","33":"tag-ultimasnoticias","34":"tag-world","35":"tag-world-news","36":"tag-worldnews"},"share_on_mastodon":{"url":"https:\/\/pubeurope.com\/@pt\/115658431121013732","error":""},"_links":{"self":[{"href":"https:\/\/www.europesays.com\/pt\/wp-json\/wp\/v2\/posts\/174794","targetHints":{"allow":["GET"]}}],"collection":[{"href":"https:\/\/www.europesays.com\/pt\/wp-json\/wp\/v2\/posts"}],"about":[{"href":"https:\/\/www.europesays.com\/pt\/wp-json\/wp\/v2\/types\/post"}],"author":[{"embeddable":true,"href":"https:\/\/www.europesays.com\/pt\/wp-json\/wp\/v2\/users\/2"}],"replies":[{"embeddable":true,"href":"https:\/\/www.europesays.com\/pt\/wp-json\/wp\/v2\/comments?post=174794"}],"version-history":[{"count":0,"href":"https:\/\/www.europesays.com\/pt\/wp-json\/wp\/v2\/posts\/174794\/revisions"}],"wp:featuredmedia":[{"embeddable":true,"href":"https:\/\/www.europesays.com\/pt\/wp-json\/wp\/v2\/media\/174795"}],"wp:attachment":[{"href":"https:\/\/www.europesays.com\/pt\/wp-json\/wp\/v2\/media?parent=174794"}],"wp:term":[{"taxonomy":"category","embeddable":true,"href":"https:\/\/www.europesays.com\/pt\/wp-json\/wp\/v2\/categories?post=174794"},{"taxonomy":"post_tag","embeddable":true,"href":"https:\/\/www.europesays.com\/pt\/wp-json\/wp\/v2\/tags?post=174794"}],"curies":[{"name":"wp","href":"https:\/\/api.w.org\/{rel}","templated":true}]}}