{"id":174810,"date":"2025-12-04T00:49:12","date_gmt":"2025-12-04T00:49:12","guid":{"rendered":"https:\/\/www.europesays.com\/pt\/174810\/"},"modified":"2025-12-04T00:49:12","modified_gmt":"2025-12-04T00:49:12","slug":"quinta-na-tv-um-inferno-vermelho-um-western-e-um-verao-quente-tv","status":"publish","type":"post","link":"https:\/\/www.europesays.com\/pt\/174810\/","title":{"rendered":"Quinta na TV: Um Inferno Vermelho, um western e um Ver\u00e3o quente | TV"},"content":{"rendered":"<p>CINEMA<\/p>\n<p dir=\"ltr\" id=\"docs-internal-guid-4bc64dcc-7fff-a97a-9f40-a9ee358fcc52\"><strong>Inferno Vermelho<br \/>TVCine Action, 21h15<\/strong><\/p>\n<p dir=\"ltr\">Com\u00e9dia de ac\u00e7\u00e3o de Walter Hill (48 Horas) estreada em 1988. Ivan Danko (Arnold Schwarzenegger) \u00e9 o mais duro detective de Moscovo; Art Ridzik (James Belushi), o pol\u00edcia mais irreverente de Chicago. A miss\u00e3o de ambos: encontrar um traficante de droga em fuga. Por\u00e9m, as diferen\u00e7as entre estes dois pol\u00edcias s\u00e3o evidentes e o confronto entre a disciplina de Danko e a excentricidade de Ridzik \u00e9 inevit\u00e1vel.<\/p>\n<p><strong>A Morte de Estaline<br \/>HBO Max, streaming<\/strong><\/p>\n<p dir=\"ltr\">Mar\u00e7o de 1953. Depois de 30 anos a governar a Uni\u00e3o Sovi\u00e9tica sob um regime ditatorial, Estaline morre. Nos dias imediatamente a seguir, os membros do comit\u00e9 do Partido Comunista, outrora fi\u00e9is seguidores do ditador, revelam a sua sede de poder. Adapta\u00e7\u00e3o da novela gr\u00e1fica com o mesmo nome, da autoria dos franceses Fabien Nury e Thierry Robin, uma com\u00e9dia negra em tom de s\u00e1tira pol\u00edtica, assinada por Armando Iannucci.<\/p>\n<p>S\u00c9RIES<\/p>\n<p dir=\"ltr\"><strong>El Barco<br \/>Biggs, 14h45<\/strong><\/p>\n<p dir=\"ltr\">Entre 2011 e 2013, esta co-cria\u00e7\u00e3o de \u00c1lex Pina, que mais tarde viria a ser respons\u00e1vel por \u00eaxitos globais como La Casa de Papel, contou a hist\u00f3ria dos tripulantes e estudantes de um navio-escola num mundo p\u00f3s-apocal\u00edptico em que quase tudo est\u00e1 debaixo de \u00e1gua. Pelo caminho, encontram outros sobreviventes. Esta \u00e9 a segunda temporada.<\/p>\n<p><strong>Parish<br \/>AMC, 22h10<\/strong><\/p>\n<p dir=\"ltr\">Estreia. Adaptada de um original brit\u00e2nico, The Driver, pelo seu pr\u00f3prio criador, Danny Brocklehurst, esta s\u00e9rie original da AMC s\u00f3 durou uma temporada e estreou-se no ano passado. Conta com Giancarlo Esposito, c\u00e9lebre pelos filmes de Spike Lee e mais tarde pela participa\u00e7\u00e3o em Breaking Bad e Better Call Saul, como um homem que abandonou o mundo do crime para tentar ser uma pessoa melhor. S\u00f3 que o seu filho \u00e9 assassinado barbaramente e isso lan\u00e7a-o de volta para o passado que queria ter deixado para tr\u00e1s.<\/p>\n<p dir=\"ltr\"><strong>Di\u00e1rios do Vampiro<br \/>Biggs, 22h30<\/strong><\/p>\n<p dir=\"ltr\">A transmiss\u00e3o desta s\u00e9rie baseada nos livros de L.J. Smith que, criada por Kevin Williamson e Julie Plec, durou de 2009 a 2017, chega \u00e0 oitava (e derradeira) temporada, que foi exibida originalmente entre 2016 e 2017. No primeiro epis\u00f3dio, o vampiro Damon Salvatore (Ian Somerhalder), que perdeu a humanidade, anda numa onda de matan\u00e7a com Enzo St. John (Michael Malarkey).<\/p>\n<p dir=\"ltr\"><strong>Os Abandonados<br \/>Netflix, streaming<\/strong><\/p>\n<p dir=\"ltr\">Estreia. Kurt Sutter, que no in\u00edcio dos anos 2000 escreveu para The Shield, al\u00e9m de aparecer na s\u00e9rie como actor, e depois criou Sons of Anarchy e Mayans M.C., onde tamb\u00e9m aparecia, \u00e9 o criador deste western passado na d\u00e9cada de 1850. No Velho Oeste, uma mulher irlandesa que n\u00e3o pode ter filhos e adopta quatro \u00f3rf\u00e3os v\u00ea-se numa batalha contra uma fam\u00edlia de aristocratas europeus que dizem ser os verdadeiros donos da casa que ela acabou de comprar no Oregon. Com Lena Headey, de A Guerra dos Tronos, e Gillian Anderson, de Ficheiros Secretos, nos pap\u00e9is principais.<\/p>\n<p dir=\"ltr\"><strong>Rocco Schiavone<br \/>AMC Selekt, streaming<\/strong><\/p>\n<p dir=\"ltr\">Estreia. Chega \u00e0 sexta temporada esta s\u00e9rie policial italiana com Marco Giallini como a personagem que lhe d\u00e1 o nome, um detective-inspector de Roma vi\u00favo que foi relutantemente colocado nos alpes italianos.<\/p>\n<p>DOCUMENT\u00c1RIO<\/p>\n<p dir=\"ltr\"><strong>Only On Earth<br \/>HBO Max, streaming<\/strong><\/p>\n<p dir=\"ltr\">Estreia. Realizado pela dinamarquesa Robin Petr\u00e9, este document\u00e1rio olha sobretudo para o sul da Galiza, uma das zonas do continente europeu mais suscept\u00edveis a fogos, mas tamb\u00e9m para o centro de Espanha e Portugal, para acompanhar um ver\u00e3o particularmente quente \u2013 os recordes de temperatura s\u00e3o agora frequentemente batidos \u2013 e o efeito que o calor e a seca t\u00eam nas pessoas e nos animais locais.<\/p>\n<p dir=\"ltr\"><strong>El Shatt &#8211; Um Projecto de Utopia<br \/>RTP2, 22h53<\/strong><\/p>\n<p dir=\"ltr\">Estreia. Neste document\u00e1rio servo-croata, Ivan Ramljak olha para o El Shatt, o complexo de campos de refugiados p\u00f3s-Segunda Guerra Mundial que resultou de uma parceria entre os partid\u00e1rios jugoslavos de Tito e os Aliados brit\u00e2nicos. Era uma utopia para fam\u00edlias de combatentes antifascistas, auto-administrada. O filme recria, com recurso a testemunhos de quem viveu l\u00e1, a reconstitui\u00e7\u00f5es por uma trupe de teatro e a imagens, o ambiente do s\u00edtio.<\/p>\n","protected":false},"excerpt":{"rendered":"CINEMA Inferno VermelhoTVCine Action, 21h15 Com\u00e9dia de ac\u00e7\u00e3o de Walter Hill (48 Horas) estreada em 1988. Ivan Danko&hellip;\n","protected":false},"author":2,"featured_media":174811,"comment_status":"","ping_status":"","sticky":false,"template":"","format":"standard","meta":{"footnotes":""},"categories":[142],"tags":[315,1413,114,115,294,32,33,291,941,218,151],"class_list":{"0":"post-174810","1":"post","2":"type-post","3":"status-publish","4":"format-standard","5":"has-post-thumbnail","7":"category-tv","8":"tag-cultura","9":"tag-cultura-ipsilon","10":"tag-entertainment","11":"tag-entretenimento","12":"tag-lazer","13":"tag-portugal","14":"tag-pt","15":"tag-relaxar","16":"tag-series","17":"tag-televisao","18":"tag-tv"},"share_on_mastodon":{"url":"https:\/\/pubeurope.com\/@pt\/115658553086540251","error":""},"_links":{"self":[{"href":"https:\/\/www.europesays.com\/pt\/wp-json\/wp\/v2\/posts\/174810","targetHints":{"allow":["GET"]}}],"collection":[{"href":"https:\/\/www.europesays.com\/pt\/wp-json\/wp\/v2\/posts"}],"about":[{"href":"https:\/\/www.europesays.com\/pt\/wp-json\/wp\/v2\/types\/post"}],"author":[{"embeddable":true,"href":"https:\/\/www.europesays.com\/pt\/wp-json\/wp\/v2\/users\/2"}],"replies":[{"embeddable":true,"href":"https:\/\/www.europesays.com\/pt\/wp-json\/wp\/v2\/comments?post=174810"}],"version-history":[{"count":0,"href":"https:\/\/www.europesays.com\/pt\/wp-json\/wp\/v2\/posts\/174810\/revisions"}],"wp:featuredmedia":[{"embeddable":true,"href":"https:\/\/www.europesays.com\/pt\/wp-json\/wp\/v2\/media\/174811"}],"wp:attachment":[{"href":"https:\/\/www.europesays.com\/pt\/wp-json\/wp\/v2\/media?parent=174810"}],"wp:term":[{"taxonomy":"category","embeddable":true,"href":"https:\/\/www.europesays.com\/pt\/wp-json\/wp\/v2\/categories?post=174810"},{"taxonomy":"post_tag","embeddable":true,"href":"https:\/\/www.europesays.com\/pt\/wp-json\/wp\/v2\/tags?post=174810"}],"curies":[{"name":"wp","href":"https:\/\/api.w.org\/{rel}","templated":true}]}}