{"id":174819,"date":"2025-12-04T01:07:17","date_gmt":"2025-12-04T01:07:17","guid":{"rendered":"https:\/\/www.europesays.com\/pt\/174819\/"},"modified":"2025-12-04T01:07:17","modified_gmt":"2025-12-04T01:07:17","slug":"oficial-portugal-reinaugura-azteca-e-joga-particular-com-os-eua-em-marco","status":"publish","type":"post","link":"https:\/\/www.europesays.com\/pt\/174819\/","title":{"rendered":"OFICIAL: Portugal reinaugura Azteca e joga particular com os EUA em mar\u00e7o"},"content":{"rendered":"<p style=\"margin-bottom:11px\">A Federa\u00e7\u00e3o Portuguesa de Futebol oficializou nesta ter\u00e7a-feira o particular entre M\u00e9xico e Portugal a 28 de mar\u00e7o, na reinaugura\u00e7\u00e3o do m\u00edtico Est\u00e1dio Azteca, <a href=\"https:\/\/maisfutebol.iol.pt\/selecao\/selecao-nacional\/confirmado-portugal-vai-reinaugurar-um-dos-estadios-miticos-do-futebol\" rel=\"nofollow noopener\" target=\"_blank\">algo veiculado pela imprensa internacional desde outubro<\/a>. \u00c9 a estreia das \u201cQuinas\u201d naquele recinto e o sexto duelo com mexicanos.<\/p>\n<p>Recorde-se que o Est\u00e1dio Azteca \u2013 agora por motivos comerciais denominado Est\u00e1dio Banorte \u2013 serviu de palco para Diego Maradona protagonizar o famoso golo com a m\u00e3o contra Inglaterra, al\u00e9m do inesquec\u00edvel golo a solo, tamb\u00e9m frente aos ingleses.<\/p>\n<p>O Est\u00e1dio Azteca, situado na Cidade do M\u00e9xico, vai receber o jogo de abertura do Mundial 2026, a 11 de junho a partir das 19h00 locais (segundo informa\u00e7\u00e3o publicada pela Federa\u00e7\u00e3o mexicana), uma da manh\u00e3 em Portugal continental.<\/p>\n<p>Tamb\u00e9m em mar\u00e7o, mas a 31, Portugal joga frente aos Estados Unidos em Atlanta, no Mercedes Benz Stadium, naquele que ser\u00e1 o jogo oficial 700 da Sele\u00e7\u00e3o e o oitavo duelo com os norte-americanos. Esta partida, segundo consta no site de venda dos ingressos, est\u00e1 marcada para as 19h00 locais, meia-noite em Portugal continental.<\/p>\n<p>O <a href=\"https:\/\/maisfutebol.iol.pt\/mundial-2026\/selecao\/mundial-2026-fifa-divulga-potes-e-esclarece-caminho-nas-eliminatorias\" rel=\"nofollow noopener\" target=\"_blank\">sorteio do Mundial 2026 est\u00e1 agendado para as 17 horas desta sexta-feira<\/a>.<\/p>\n","protected":false},"excerpt":{"rendered":"A Federa\u00e7\u00e3o Portuguesa de Futebol oficializou nesta ter\u00e7a-feira o particular entre M\u00e9xico e Portugal a 28 de mar\u00e7o,&hellip;\n","protected":false},"author":2,"featured_media":174820,"comment_status":"","ping_status":"","sticky":false,"template":"","format":"standard","meta":{"footnotes":""},"categories":[87],"tags":[33358,135,235,7618,82,46,1872,6027,12632,32523,32,33,47,4338,5420,16170,134],"class_list":{"0":"post-174819","1":"post","2":"type-post","3":"status-publish","4":"format-standard","5":"has-post-thumbnail","7":"category-desporto","8":"tag-azteca","9":"tag-desporto","10":"tag-estados-unidos","11":"tag-estados-unidos-da-america","12":"tag-internacional","13":"tag-maisfutebol","14":"tag-mexico","15":"tag-mundial","16":"tag-mundial-2026","17":"tag-particular","18":"tag-portugal","19":"tag-pt","20":"tag-pura-paixao","21":"tag-selecao","22":"tag-selecao-nacional","23":"tag-selecao-portuguesa","24":"tag-sports"},"share_on_mastodon":{"url":"https:\/\/pubeurope.com\/@pt\/115658623996497572","error":""},"_links":{"self":[{"href":"https:\/\/www.europesays.com\/pt\/wp-json\/wp\/v2\/posts\/174819","targetHints":{"allow":["GET"]}}],"collection":[{"href":"https:\/\/www.europesays.com\/pt\/wp-json\/wp\/v2\/posts"}],"about":[{"href":"https:\/\/www.europesays.com\/pt\/wp-json\/wp\/v2\/types\/post"}],"author":[{"embeddable":true,"href":"https:\/\/www.europesays.com\/pt\/wp-json\/wp\/v2\/users\/2"}],"replies":[{"embeddable":true,"href":"https:\/\/www.europesays.com\/pt\/wp-json\/wp\/v2\/comments?post=174819"}],"version-history":[{"count":0,"href":"https:\/\/www.europesays.com\/pt\/wp-json\/wp\/v2\/posts\/174819\/revisions"}],"wp:featuredmedia":[{"embeddable":true,"href":"https:\/\/www.europesays.com\/pt\/wp-json\/wp\/v2\/media\/174820"}],"wp:attachment":[{"href":"https:\/\/www.europesays.com\/pt\/wp-json\/wp\/v2\/media?parent=174819"}],"wp:term":[{"taxonomy":"category","embeddable":true,"href":"https:\/\/www.europesays.com\/pt\/wp-json\/wp\/v2\/categories?post=174819"},{"taxonomy":"post_tag","embeddable":true,"href":"https:\/\/www.europesays.com\/pt\/wp-json\/wp\/v2\/tags?post=174819"}],"curies":[{"name":"wp","href":"https:\/\/api.w.org\/{rel}","templated":true}]}}