{"id":17483,"date":"2025-08-05T19:31:08","date_gmt":"2025-08-05T19:31:08","guid":{"rendered":"https:\/\/www.europesays.com\/pt\/17483\/"},"modified":"2025-08-05T19:31:08","modified_gmt":"2025-08-05T19:31:08","slug":"dica-cultural-fap-conversa-sobre-literatura-de-andre-amado-e-um-verdadeiro-manual-para-escritores-e-leitores","status":"publish","type":"post","link":"https:\/\/www.europesays.com\/pt\/17483\/","title":{"rendered":"Dica Cultural FAP: \u201cConversa Sobre Literatura\u201d, de Andr\u00e9 Amado, \u00e9 um verdadeiro manual para escritores e leitores"},"content":{"rendered":"<p><img fetchpriority=\"high\" decoding=\"async\" class=\"alignnone wp-image-219504 size-medium lazy\" src=\"https:\/\/www.europesays.com\/pt\/wp-content\/uploads\/2025\/08\/WhatsApp-Image-2025-08-05-at-15.28.47-scaled-e1754419864203-300x275.jpeg\" alt=\"\" width=\"300\" height=\"275\"  data-\/><\/p>\n<p><b>ADRIANO BARCELOS*<\/b><\/p>\n<p>O livro \u201cConversa Sobre Literatura\u201d, de autoria do escritor Andr\u00e9 Amado, \u00e9 uma verdadeira homenagem \u00e0queles que amam a escrita como representa\u00e7\u00e3o do mundo, em todas suas dimens\u00f5es. Andr\u00e9 Amado, carinhosamente conhecido no meio como \u201cembaixador\u201d \u2013 tudo gra\u00e7as a 48 anos de servi\u00e7o bem executados no Exterior em defesa dos interesses do pa\u00eds por interm\u00e9dio do Itamaraty \u2013 n\u00e3o se contentou em, ele mesmo, expor suas opini\u00f5es sobre a abordagem das letras: autor de nove livros, Amado se despe de suas pr\u00f3prias impress\u00f5es sobre o of\u00edcio. Laborioso, \u201cConversa Sobre Literatura\u201d \u00e9 um compilado fant\u00e1stico de autores, ensa\u00edstas e cr\u00edticos de renome que parecem dialogar em um Olimpo apartado do espa\u00e7o-tempo. O tema: o de sempre, o atemporal h\u00e1bito de ler e encantar com palavras.<\/p>\n<p>De um par\u00e1grafo a outro, tendo como pano de fundo aspectos universais da literatura \u2013 como iniciar a narrativa de um livro, como fech\u00e1-la; estilos e personagens; o leitor, o livro, a rotina do escritor e tudo mais que contribui (ou atrapalha) na feitura das obras liter\u00e1rias de vulto. \u00c9 nesses momentos em que a m\u00e1gica acontece: Arthur Schopenhauer dialoga com M\u00e1rio Vargas Llosa; nas linhas seguintes, no campo dos argumentos, Mia Couto e Jorge Luis Borges se disputam. E assim sucessivamente, num delicioso col\u00f3quio que s\u00f3 funciona pela escrita acurada de Andr\u00e9 Amado. \u00c9 l\u00e1, na \u201cConversa Sobre Literatura\u201d, que autores separados por s\u00e9culos e quil\u00f4metros de dist\u00e2ncia, ganham vida (ou revida) para exporem seus pontos sobre o pr\u00f3prio of\u00edcio.\u00a0<\/p>\n<p>Andr\u00e9 Amado, como um \u00e1rbitro neutro, imparcial e despercebido, deixa a bola correr no gramado \u2013 ou nas p\u00e1ginas do livro. O leitor, ora convencido pela sedu\u00e7\u00e3o de algum argumento, \u00e9 convidado a repensar as convic\u00e7\u00f5es rec\u00e9m formadas e a abra\u00e7ar uma nova tese que sorri frases depois. \u00c9 neste gostoso vai-vem, de um bate-papo no para\u00edso, que o leitor se v\u00ea envolvido sem notar flu\u00edrem as 363 p\u00e1ginas totais da obra, publicada pela editora fluminense Ibis Libris.<\/p>\n<p>O embaixador esteve na Funda\u00e7\u00e3o Astrojildo Pereira, em Bras\u00edlia, e deu entrevista \u00e0 reportagem dentro da se\u00e7\u00e3o \u201cDica Cultural FAP\u201d.<\/p>\n<p>\u201cEsse livro surgiu da necessidade minha de entender mais de literatura, sem a pretens\u00e3o de ser cr\u00edtico liter\u00e1rio, que eu n\u00e3o sou, e sem a vontade de s\u00ea-lo: eu acho que \u00e9 uma linguagem que se usa na cr\u00edtica liter\u00e1ria para que as pessoas n\u00e3o entendam. Tento entender certas coisas que v\u00e3o al\u00e9m do meu limite. Ent\u00e3o, eu queria ter acesso a conceitos de literatura que me permitissem esse acesso e que eu pudesse compartilhar isso com as pessoas que t\u00eam os mesmos interesses e dificuldades que eu tenho\u201d, disse o escritor.<\/p>\n<p>Andr\u00e9 Amado, para a feitura desse livro, leu e fichou mais de cem obras. Algumas, por indica\u00e7\u00e3o de terceiros; outras, por reminisc\u00eancias e refer\u00eancias acumuladas ao longo de sua jornada por bibliotecas e livrarias pelo mundo. Afinal, um bom escritor precisa ser, antes, um qualificado leitor.<\/p>\n<p>\u201cVoc\u00ea aprende lendo, a leitura \u00e9 o grande instrumento de acesso ao livro. Ent\u00e3o, quanto mais voc\u00ea l\u00ea, em princ\u00edpio, mais bem dotado de recursos para escrever voc\u00ea est\u00e1. Eu leio muito, li muito, eu li mais de 100 livros, sublinhei, fichei\u2026 A cada leitura eu me sentia mais apto a refletir sobre aspectos da literatura. Foi um processo autocriativo onde quanto mais eu lia, mais eu me sentia preparado para escrever. Escolhi os grandes temas da literatura, o personagem, como \u00e9 que voc\u00ea escolhe, desenvolve, cria um personagem, a pr\u00f3pria escritura, voc\u00ea termina o romance ou deixa o romance em aberto? Isso e outras coisas do tipo. Fui retirando dos grandes nomes maneiras de como eles tratavam essas tem\u00e1ticas e, assim, eu compus o \u201cConversa sobre Literatura\u201d.\u00a0<\/p>\n<p>O livro, em breve, estar\u00e1 dispon\u00edvel na plataforma Amazon. Ele est\u00e1 dispon\u00edvel em algumas livrarias. \u00c9 poss\u00edvel obt\u00ea-lo tamb\u00e9m em contato com a editora Ibis Libris.\u00a0<\/p>\n<p>* Jornalista<\/p>\n<p>\u00a0<\/p>\n","protected":false},"excerpt":{"rendered":"ADRIANO BARCELOS* O livro \u201cConversa Sobre Literatura\u201d, de autoria do escritor Andr\u00e9 Amado, \u00e9 uma verdadeira homenagem \u00e0queles&hellip;\n","protected":false},"author":2,"featured_media":17484,"comment_status":"","ping_status":"","sticky":false,"template":"","format":"standard","meta":{"footnotes":""},"categories":[143],"tags":[169,6570,114,115,170,32,33],"class_list":{"0":"post-17483","1":"post","2":"type-post","3":"status-publish","4":"format-standard","5":"has-post-thumbnail","7":"category-livros","8":"tag-books","9":"tag-cultura-brasileira","10":"tag-entertainment","11":"tag-entretenimento","12":"tag-livros","13":"tag-portugal","14":"tag-pt"},"share_on_mastodon":{"url":"","error":""},"_links":{"self":[{"href":"https:\/\/www.europesays.com\/pt\/wp-json\/wp\/v2\/posts\/17483","targetHints":{"allow":["GET"]}}],"collection":[{"href":"https:\/\/www.europesays.com\/pt\/wp-json\/wp\/v2\/posts"}],"about":[{"href":"https:\/\/www.europesays.com\/pt\/wp-json\/wp\/v2\/types\/post"}],"author":[{"embeddable":true,"href":"https:\/\/www.europesays.com\/pt\/wp-json\/wp\/v2\/users\/2"}],"replies":[{"embeddable":true,"href":"https:\/\/www.europesays.com\/pt\/wp-json\/wp\/v2\/comments?post=17483"}],"version-history":[{"count":0,"href":"https:\/\/www.europesays.com\/pt\/wp-json\/wp\/v2\/posts\/17483\/revisions"}],"wp:featuredmedia":[{"embeddable":true,"href":"https:\/\/www.europesays.com\/pt\/wp-json\/wp\/v2\/media\/17484"}],"wp:attachment":[{"href":"https:\/\/www.europesays.com\/pt\/wp-json\/wp\/v2\/media?parent=17483"}],"wp:term":[{"taxonomy":"category","embeddable":true,"href":"https:\/\/www.europesays.com\/pt\/wp-json\/wp\/v2\/categories?post=17483"},{"taxonomy":"post_tag","embeddable":true,"href":"https:\/\/www.europesays.com\/pt\/wp-json\/wp\/v2\/tags?post=17483"}],"curies":[{"name":"wp","href":"https:\/\/api.w.org\/{rel}","templated":true}]}}