{"id":174843,"date":"2025-12-04T01:49:19","date_gmt":"2025-12-04T01:49:19","guid":{"rendered":"https:\/\/www.europesays.com\/pt\/174843\/"},"modified":"2025-12-04T01:49:19","modified_gmt":"2025-12-04T01:49:19","slug":"por-esta-ninguem-esperava-vera-mostra-se-a-ter-encontro-especial-com-ex-concorrente-secret-story","status":"publish","type":"post","link":"https:\/\/www.europesays.com\/pt\/174843\/","title":{"rendered":"Por esta ningu\u00e9m esperava: Vera mostra-se a ter encontro especial com ex-concorrente &#8211; Secret Story"},"content":{"rendered":"<p><strong>Vera<\/strong> tem estado muito ativa nas redes sociais<a href=\"https:\/\/tvi.iol.pt\/secretstory\/vera\/dylan\/vera-celebra-expulsao-de-dylan-e-defende-se-de-criticas-mais-vergonha-tinha-eu-de\" rel=\"nofollow noopener\" target=\"_blank\"> desde que deixou a casa do <strong>Secret Story 9<\/strong>. <\/a>Agora, a ex-concorrente partilhou um registo fotogr\u00e1fico em que surge ao lado de uma outra ex-concorrente&#8230; e o encontro foi inesperado.<\/p>\n<p>Nas redes sociais, Vera partilhou um story em que surge ao lado de Carolina Nunes,<strong> ex-concorrente do Big Brother 2024<\/strong>, e uma das melhores amigas de Ana, que ainda est\u00e1 no <strong>Secret Story 9.\u00a0<\/strong><\/p>\n<p><strong>Carolina Nunes lan\u00e7ou recentemente uns batons hidratantes e Vera j\u00e1 experimentou<\/strong>. As duas surgiram juntas, e muito animadas, a recriar um dos v\u00eddeos mais ic\u00f3nicos de Vera. <strong>\u00abUm pouquinho da nossa tarde\u00bb<\/strong>, escreveu a ex-concorrente do Secret Story, na legenda da publica\u00e7\u00e3o.<\/p>\n<p><strong>Pode ver tudo aqui:<\/strong><\/p>\n<p style=\"text-align:center\"><img loading=\"lazy\" decoding=\"async\" alt=\"\" height=\"710\" src=\"https:\/\/www.europesays.com\/pt\/wp-content\/uploads\/2025\/12\/693091bad34e3caad84bfda9.webp\" width=\"400\"\/><\/p>\n<p>Vera celebra expuls\u00e3o de Dylan e defende-se de cr\u00edticas: \u00abMais vergonha tinha eu de&#8230;\u00bb <\/p>\n<p data-end=\"1840\" data-start=\"1512\">A expuls\u00e3o de Dylan no domingo, 30 de novembro, continua a gerar rea\u00e7\u00f5es dentro e fora do <a href=\"https:\/\/tvi.iol.pt\/secretstory\/\" target=\"_blank\" rel=\"nofollow noopener\"><strong>Secret Story 9<\/strong><\/a>. Na manh\u00e3 seguinte, o ex-concorrente marcou presen\u00e7a no programa <strong>Dois \u00e0s 10<\/strong>, onde <a href=\"https:\/\/tvi.iol.pt\/secretstory\/dylan\/vera\/em-choque-dylan-reage-ao-fenomeno-vera-se-fosse-eu-a-enfiar-lhe-quatro-chapadas\" target=\"_blank\" rel=\"nofollow noopener\">comentou o facto de Vera ser vista como uma \u201cestrela\u201d, mesmo depois de o ter agredido com quatro chapadas durante o reality show<\/a>.<\/p>\n<p data-end=\"2026\" data-start=\"1842\">Atrav\u00e9s do Instagram, Vera n\u00e3o deixou passar as declara\u00e7\u00f5es e reagiu sem rodeios. <strong>\u00abLamento muito vir aqui manifestar a minha felicidade pela expuls\u00e3o de ontem, foi merecido\u00bb<\/strong>, escreveu.<\/p>\n<p data-end=\"2317\" data-start=\"2028\">A ex-concorrente aproveitou ainda para esclarecer a origem da sua popularidade: <strong>\u00abA minha visibilidade n\u00e3o foi pela atitude menos boa que tive e que levou \u00e0 minha expuls\u00e3o, mas pelo meu carisma, pela minha for\u00e7a, pela pessoa livre que sou, sem medo de mostrar ao mundo os meus sentimentos\u00bb<\/strong>.<\/p>\n<p data-end=\"2604\" data-start=\"2319\">Vera defendeu que sempre agiu de acordo com aquilo em que acredita e disse querer continuar a proteger quem sofre em sil\u00eancio:\u00a0<strong>\u00abEnquanto existir nesta terra, vou sempre defender o que \u00e9 meu e muitas pessoas que sofrem em sil\u00eancio com coment\u00e1rios dolorosos, que foram feitos ao longo do programa\u00bb<\/strong>.<\/p>\n<p data-end=\"2823\" data-start=\"2606\">A rea\u00e7\u00e3o terminou com mais um recado direto: <strong>\u00abUma atitude gera uma rea\u00e7\u00e3o. Foi a mais plaus\u00edvel? N\u00e3o! Mas mais vergonha tinha eu de ter falado in\u00fameras m***** que foram ditas constantemente e s\u00e3o consideradas graves!\u00bb<\/strong><\/p>\n<p>Veja aqui: <\/p>\n<p data-end=\"2823\" data-start=\"2606\"><img loading=\"lazy\" decoding=\"async\" alt=\"\" height=\"878\" src=\"https:\/\/www.europesays.com\/pt\/wp-content\/uploads\/2025\/12\/692eff75d34e2bd5c6d4a797.webp\" width=\"500\"\/><\/p>\n<p data-end=\"2823\" data-start=\"2606\">\u00a0<\/p>\n","protected":false},"excerpt":{"rendered":"Vera tem estado muito ativa nas redes sociais desde que deixou a casa do Secret Story 9. Agora,&hellip;\n","protected":false},"author":2,"featured_media":122360,"comment_status":"","ping_status":"","sticky":false,"template":"","format":"standard","meta":{"footnotes":""},"categories":[142],"tags":[18706,1250,7455,114,115,18705,32,33,151,11841,18704],"class_list":{"0":"post-174843","1":"post","2":"type-post","3":"status-publish","4":"format-standard","5":"has-post-thumbnail","7":"category-tv","8":"tag-bastidores-secret-story","9":"tag-carolina-nunes","10":"tag-encontro","11":"tag-entertainment","12":"tag-entretenimento","13":"tag-entrevistas-concorrentes-tvi","14":"tag-portugal","15":"tag-pt","16":"tag-tv","17":"tag-vera","18":"tag-vida-fora-da-casa"},"share_on_mastodon":{"url":"https:\/\/pubeurope.com\/@pt\/115658789133674505","error":""},"_links":{"self":[{"href":"https:\/\/www.europesays.com\/pt\/wp-json\/wp\/v2\/posts\/174843","targetHints":{"allow":["GET"]}}],"collection":[{"href":"https:\/\/www.europesays.com\/pt\/wp-json\/wp\/v2\/posts"}],"about":[{"href":"https:\/\/www.europesays.com\/pt\/wp-json\/wp\/v2\/types\/post"}],"author":[{"embeddable":true,"href":"https:\/\/www.europesays.com\/pt\/wp-json\/wp\/v2\/users\/2"}],"replies":[{"embeddable":true,"href":"https:\/\/www.europesays.com\/pt\/wp-json\/wp\/v2\/comments?post=174843"}],"version-history":[{"count":0,"href":"https:\/\/www.europesays.com\/pt\/wp-json\/wp\/v2\/posts\/174843\/revisions"}],"wp:featuredmedia":[{"embeddable":true,"href":"https:\/\/www.europesays.com\/pt\/wp-json\/wp\/v2\/media\/122360"}],"wp:attachment":[{"href":"https:\/\/www.europesays.com\/pt\/wp-json\/wp\/v2\/media?parent=174843"}],"wp:term":[{"taxonomy":"category","embeddable":true,"href":"https:\/\/www.europesays.com\/pt\/wp-json\/wp\/v2\/categories?post=174843"},{"taxonomy":"post_tag","embeddable":true,"href":"https:\/\/www.europesays.com\/pt\/wp-json\/wp\/v2\/tags?post=174843"}],"curies":[{"name":"wp","href":"https:\/\/api.w.org\/{rel}","templated":true}]}}