{"id":174851,"date":"2025-12-04T02:05:17","date_gmt":"2025-12-04T02:05:17","guid":{"rendered":"https:\/\/www.europesays.com\/pt\/174851\/"},"modified":"2025-12-04T02:05:17","modified_gmt":"2025-12-04T02:05:17","slug":"radio-dacidade-fm-inicia-transmissao-a-partir-de-guarulhos-na-grande-sao-paulo","status":"publish","type":"post","link":"https:\/\/www.europesays.com\/pt\/174851\/","title":{"rendered":"R\u00e1dio DaCidade FM inicia transmiss\u00e3o a partir de Guarulhos, na Grande S\u00e3o Paulo"},"content":{"rendered":"<p>A <strong>R\u00e1dio DaCidade FM 91.7 de Guarulhos<\/strong> iniciou sua opera\u00e7\u00e3o na Grande S\u00e3o Paulo. A emissora, <strong>migrante da Ondas Tropicais OT 3325<\/strong>, ocupa uma\u00a0frequ\u00eancia no dial FM convencional\u00a0na Regi\u00e3o Metropolitana\u00a0e adota um <strong>formato ecl\u00e9tico<\/strong>, com execu\u00e7\u00e3o de diferentes estilos musicais nacionais e internacionais.<\/p>\n<p>Segundo informa\u00e7\u00f5es apuradas pela reda\u00e7\u00e3o do <strong>tudoradio.com<\/strong>, a\u00a0esta\u00e7\u00e3o contar\u00e1 com uma playlist com\u00a0<strong>samba, sertanejo universit\u00e1rio, pop, rom\u00e2ntico, flashback e hits internacionais<\/strong>. O projeto \u00e9 conduzido sob <strong>dire\u00e7\u00e3o art\u00edstica de Ney Casanova<\/strong>, <strong>jornalismo de Pedro de Alc\u00e2ntara<\/strong> e <strong>dire\u00e7\u00e3o comercial de J\u00fanior Mendon\u00e7a<\/strong>.<\/p>\n<p style=\"text-align:center\"><img decoding=\"async\" alt=\"\" src=\"https:\/\/www.europesays.com\/pt\/wp-content\/uploads\/2025\/12\/6930bb443de3b.png\" style=\"height:413px; width:454px\" \/><\/p>\n<p>Outra informa\u00e7\u00e3o apurada \u00e9 que, neste primeiro momento, a <strong>R\u00e1dio DaCidade FM<\/strong> atuar\u00e1 de forma independente, sem integra\u00e7\u00e3o com as demais r\u00e1dios da marca que atuam no entorno da capital paulista, como a <strong>R\u00e1dio DaCidade FM 99.1 de\u00a0Itapevi (SP) <\/strong>e a<strong>\u00a0R\u00e1dio DaCidade FM 83.9 de\u00a0Mogi das Cruzes (SP)<\/strong>. A fase inicial de transmiss\u00f5es conta com locu\u00e7\u00e3o de <strong>Pedro de Alc\u00e2ntara<\/strong>, que vai apresentar o\u00a0<strong>\u201cBreak Love\u201d<\/strong>, a partir da pr\u00f3xima segunda-feira (8), das 12h \u00e0s 14h. A atra\u00e7\u00e3o contar\u00e1 com tradu\u00e7\u00e3o de m\u00fasicas internacionais e mensagens de tem\u00e1tica rom\u00e2ntica.<\/p>\n<p>A partir de <strong>5 de janeiro de 2026<\/strong>, a grade da emissora ser\u00e1 ampliada com a inclus\u00e3o do <strong>\u201cJornal da Cidade\u201d<\/strong>, notici\u00e1rio local programado para o hor\u00e1rio das 7h \u00e0s 8h da manh\u00e3.\u00a0Com sede em <strong>Guarulhos<\/strong>, a <strong>R\u00e1dio daCidade FM <\/strong>mant\u00e9m o slogan <strong>\u201cA r\u00e1dio da cidade\u201d<\/strong> e projeta para o in\u00edcio do pr\u00f3ximo ano a implanta\u00e7\u00e3o definitiva de sua programa\u00e7\u00e3o regular com locutores fixos e novos quadros.<\/p>\n<p>\n\t\t\t\tA reprodu\u00e7\u00e3o das not\u00edcias e das pautas \u00e9 autorizada desde que contenha a assinatura &#8216;tudoradio.com&#8217;<\/p>\n<p>&#13;<br \/>\n\t\t\t\tTags:&#13;<br \/>\n\t\t\t\tR\u00e1dio daCidade FM, Guarulhos, Ondas Tropicais, programa\u00e7\u00e3o, migrante&#13;\n\t\t\t<\/p>\n","protected":false},"excerpt":{"rendered":"A R\u00e1dio DaCidade FM 91.7 de Guarulhos iniciou sua opera\u00e7\u00e3o na Grande S\u00e3o Paulo. A emissora, migrante da&hellip;\n","protected":false},"author":2,"featured_media":174852,"comment_status":"","ping_status":"","sticky":false,"template":"","format":"standard","meta":{"footnotes":""},"categories":[141],"tags":[114,115,16598,36345,149,150,36344,32,703,33,36343],"class_list":{"0":"post-174851","1":"post","2":"type-post","3":"status-publish","4":"format-standard","5":"has-post-thumbnail","7":"category-musica","8":"tag-entertainment","9":"tag-entretenimento","10":"tag-guarulhos","11":"tag-migrante","12":"tag-music","13":"tag-musica","14":"tag-ondas-tropicais","15":"tag-portugal","16":"tag-programacao","17":"tag-pt","18":"tag-radio-dacidade-fm"},"share_on_mastodon":{"url":"https:\/\/pubeurope.com\/@pt\/115658852133008403","error":""},"_links":{"self":[{"href":"https:\/\/www.europesays.com\/pt\/wp-json\/wp\/v2\/posts\/174851","targetHints":{"allow":["GET"]}}],"collection":[{"href":"https:\/\/www.europesays.com\/pt\/wp-json\/wp\/v2\/posts"}],"about":[{"href":"https:\/\/www.europesays.com\/pt\/wp-json\/wp\/v2\/types\/post"}],"author":[{"embeddable":true,"href":"https:\/\/www.europesays.com\/pt\/wp-json\/wp\/v2\/users\/2"}],"replies":[{"embeddable":true,"href":"https:\/\/www.europesays.com\/pt\/wp-json\/wp\/v2\/comments?post=174851"}],"version-history":[{"count":0,"href":"https:\/\/www.europesays.com\/pt\/wp-json\/wp\/v2\/posts\/174851\/revisions"}],"wp:featuredmedia":[{"embeddable":true,"href":"https:\/\/www.europesays.com\/pt\/wp-json\/wp\/v2\/media\/174852"}],"wp:attachment":[{"href":"https:\/\/www.europesays.com\/pt\/wp-json\/wp\/v2\/media?parent=174851"}],"wp:term":[{"taxonomy":"category","embeddable":true,"href":"https:\/\/www.europesays.com\/pt\/wp-json\/wp\/v2\/categories?post=174851"},{"taxonomy":"post_tag","embeddable":true,"href":"https:\/\/www.europesays.com\/pt\/wp-json\/wp\/v2\/tags?post=174851"}],"curies":[{"name":"wp","href":"https:\/\/api.w.org\/{rel}","templated":true}]}}