{"id":174860,"date":"2025-12-04T02:11:09","date_gmt":"2025-12-04T02:11:09","guid":{"rendered":"https:\/\/www.europesays.com\/pt\/174860\/"},"modified":"2025-12-04T02:11:09","modified_gmt":"2025-12-04T02:11:09","slug":"poluicao-espacial-excesso-de-satelites-poe-em-risco-telescopios-orbitais","status":"publish","type":"post","link":"https:\/\/www.europesays.com\/pt\/174860\/","title":{"rendered":"Polui\u00e7\u00e3o espacial? Excesso de sat\u00e9lites p\u00f5e em risco telesc\u00f3pios orbitais"},"content":{"rendered":"<p data-start=\"86\" data-end=\"424\" class=\"my-5 break-words group-[.isActiveSource]:text-xl\">Um <strong class=\"group-[.isActiveSource]:text-xl group-[.isActiveSource]:font-bold\">aumento exponencial no n\u00famero de sat\u00e9lites colocados em \u00f3rbita baixa da Terr<\/strong>a trouxe avan\u00e7os nas telecomunica\u00e7\u00f5es, incluindo acesso \u00e0 banda larga em \u00e1reas rurais e remotas ao redor do mundo. Isso tamb\u00e9m causou um <strong class=\"group-[.isActiveSource]:text-xl group-[.isActiveSource]:font-bold\">aumento na polui\u00e7\u00e3o luminosa no espa\u00e7o, que coloca em risco o trabalho realizado por observat\u00f3rios<\/strong> <strong class=\"group-[.isActiveSource]:text-xl group-[.isActiveSource]:font-bold\">astron\u00f4micos<\/strong> em \u00f3rbita.<\/p>\n<p data-start=\"426\" data-end=\"756\" class=\"my-5 break-words group-[.isActiveSource]:text-xl\">Um novo estudo liderado pela Nasa, focado em quatro telesc\u00f3pios espaciais \u2014 dois atualmente <a href=\"https:\/\/www.cnnbrasil.com.br\/tecnologia\/nebulosa-da-borboleta-e-registrada-por-telescopio-no-chile-veja\/\" target=\"_blank\" rel=\"noopener noreferrer nofollow\" class=\"text-red-600 underline hover:text-red-500 font-medium break-words group-[.isActiveSource]:text-xl\">operando<\/a> e dois planejados \u2014 estima que uma grande porcentagem das imagens obtidas por esses <a href=\"https:\/\/www.cnnbrasil.com.br\/tecnologia\/telescopio-registra-imagens-da-materia-escura-pela-primeira-vez\/\" target=\"_blank\" rel=\"noopener noreferrer nofollow\" class=\"text-red-600 underline hover:text-red-500 font-medium break-words group-[.isActiveSource]:text-xl\">observat\u00f3rios<\/a> na pr\u00f3xima d\u00e9cada pode ser comprometida pela luz emitida ou refletida por sat\u00e9lites que compartilham a mesma \u00f3rbita baixa da Terra.<\/p>\n<p data-start=\"758\" data-end=\"1209\" class=\"my-5 break-words group-[.isActiveSource]:text-xl\">Os pesquisadores calcularam que cerca de 40% das imagens feitas pelo <a href=\"https:\/\/www.cnnbrasil.com.br\/tecnologia\/hubble-saiba-tudo-sobre-o-telescopio-que-mudou-a-visao-sobre-o-universo\/\" target=\"_blank\" rel=\"noopener noreferrer nofollow\" class=\"text-red-600 underline hover:text-red-500 font-medium break-words group-[.isActiveSource]:text-xl\">Telesc\u00f3pio Espacial Hubble<\/a>, da Nasa, e cerca de 96% das imagens feitas pelo observat\u00f3rio SPHEREx, tamb\u00e9m da ag\u00eancia norte-americana, podem ser contaminadas pela luz dos sat\u00e9lites.<\/p>\n<p data-start=\"758\" data-end=\"1209\" class=\"my-5 break-words group-[.isActiveSource]:text-xl\">Eles calcularam que cerca de 96% das imagens do planejado observat\u00f3rio ARRAKIHS, da Ag\u00eancia Espacial Europeia, e do planejado telesc\u00f3pio Xuntian, da China, podem ser afetadas de forma semelhante.<\/p>\n<p data-start=\"1211\" data-end=\"1307\" class=\"my-5 break-words group-[.isActiveSource]:text-xl\">O Hubble seria menos impactado devido ao seu campo de vis\u00e3o estreito, disseram os pesquisadores.<\/p>\n<p data-start=\"1309\" data-end=\"1657\" class=\"my-5 break-words group-[.isActiveSource]:text-xl\">Telesc\u00f3pios em \u00f3rbita s\u00e3o uma parte vital da explora\u00e7\u00e3o espacial. Eles podem observar uma faixa mais ampla do espectro eletromagn\u00e9tico do que as ferramentas terrestres, e a aus\u00eancia de interfer\u00eancia atmosf\u00e9rica permite imagens mais n\u00edtidas do cosmos, possibilitando a observa\u00e7\u00e3o direta de gal\u00e1xias distantes ou de planetas fora do nosso Sistema Solar.<\/p>\n<p data-start=\"1659\" data-end=\"2030\" class=\"my-5 break-words group-[.isActiveSource]:text-xl\">&#8220;Embora at\u00e9 agora a maior parte da polui\u00e7\u00e3o luminosa viesse de cidades e ve\u00edculos, o crescimento das constela\u00e7\u00f5es de sat\u00e9lites de telecomunica\u00e7\u00e3o est\u00e1 come\u00e7ando a afetar rapidamente observat\u00f3rios astron\u00f4micos em todo o mundo&#8221;, disse o astr\u00f4nomo Alejandro Borlaff, do Centro de Pesquisa Ames da Nasa, na Calif\u00f3rnia, autor principal do estudo publicado na revista <a href=\"https:\/\/www.nature.com\/articles\/s41586-025-09759-5\" target=\"_blank\" rel=\"noopener noreferrer nofollow\" class=\"text-red-600 underline hover:text-red-500 font-medium break-words group-[.isActiveSource]:text-xl\">Nature<\/a>.<\/p>\n<p data-start=\"2032\" data-end=\"2549\" class=\"my-5 break-words group-[.isActiveSource]:text-xl\">&#8220;Enquanto os telesc\u00f3pios observam o Universo tentando revelar gal\u00e1xias distantes, planetas e asteroides, sat\u00e9lites \u00e0s vezes cruzam diante de suas c\u00e2meras, deixando rastros brilhantes que apagam o sinal fraco que recebemos do cosmos. Esse j\u00e1 era um problema conhecido para telesc\u00f3pios terrestres. Mas, at\u00e9 agora, acreditava-se que telesc\u00f3pios espaciais \u2014 muito mais caros e colocados em pontos de vista aparentemente intocados no espa\u00e7o \u2014 estavam quase livres da polui\u00e7\u00e3o luminosa produzida pelo homem&#8221;, disse Borlaff.<\/p>\n<p data-start=\"2551\" data-end=\"2783\" class=\"my-5 break-words group-[.isActiveSource]:text-xl\">Em 2019, havia cerca de 2.000 sat\u00e9lites em \u00f3rbita baixa da Terra. Hoje, esse n\u00famero \u00e9 de aproximadamente 15.000. Borlaff disse que propostas da ind\u00fastria preveem cerca de 560.000 sat\u00e9lites em \u00f3rbita baixa da Terra na pr\u00f3xima d\u00e9cada.<\/p>\n<p data-start=\"2785\" data-end=\"3029\" class=\"my-5 break-words group-[.isActiveSource]:text-xl\">&#8220;Para se ter uma ideia de quanto esse n\u00famero aumentou recentemente, lan\u00e7amos mais sat\u00e9lites para a \u00f3rbita baixa da Terra nos \u00faltimos quatro anos \u2014 de 2021 a 2025 \u2014 do que nas sete d\u00e9cadas anteriores de voos espaciais combinadas&#8221;, disse Borlaff.<\/p>\n<p data-start=\"3031\" data-end=\"3340\" class=\"my-5 break-words group-[.isActiveSource]:text-xl\">Os pesquisadores usaram informa\u00e7\u00f5es de operadores de sat\u00e9lites para simular as camadas orbitais de cada constela\u00e7\u00e3o \u2014 da Starlink (SpaceX), Guowang (China) e Amazon, entre outras. Depois consideraram propriedades espec\u00edficas dos telesc\u00f3pios, como altitude orbital, trajet\u00f3ria, campo de vis\u00e3o e outros fatores.<\/p>\n<p data-start=\"3342\" data-end=\"3594\" class=\"my-5 break-words group-[.isActiveSource]:text-xl\">&#8220;Quando t\u00ednhamos os telesc\u00f3pios simulados observando nosso universo simulado, s\u00f3 precis\u00e1vamos contar o n\u00famero de vezes que os sat\u00e9lites cruzavam \u2014 ou \u2018fotobombavam\u2019 \u2014 nossos observat\u00f3rios, e qu\u00e3o brilhantes estavam no momento do evento&#8221;, disse Borlaff.<\/p>\n<p data-start=\"3596\" data-end=\"3647\" class=\"my-5 break-words group-[.isActiveSource]:text-xl\">Os sat\u00e9lites refletem e emitem v\u00e1rios tipos de luz.<\/p>\n<p data-start=\"3649\" data-end=\"4015\" class=\"my-5 break-words group-[.isActiveSource]:text-xl\">&#8220;Eles refletem diretamente a luz do Sol com seus pain\u00e9is solares, mas tamb\u00e9m refletem luz da lua e da Terra, que \u00e9 extremamente brilhante da \u00f3rbita baixa. Al\u00e9m da luz \u00f3ptica, os sat\u00e9lites tamb\u00e9m emitem radia\u00e7\u00e3o infravermelha gerada pela temperatura de seus componentes, al\u00e9m de refletirem ondas de r\u00e1dio tanto da Terra quanto das pr\u00f3prias antenas&#8221;, explicou Borlaff.<\/p>\n<p data-start=\"4017\" data-end=\"4172\" class=\"my-5 break-words group-[.isActiveSource]:text-xl\">Os pesquisadores disseram que uma forma de enfrentar o problema seria colocar sat\u00e9lites em \u00f3rbitas mais baixas do que aquelas em que os telesc\u00f3pios operam.<\/p>\n<p data-start=\"4174\" data-end=\"4462\" class=\"my-5 break-words group-[.isActiveSource]:text-xl\">Alguns deles colocados em \u00f3rbitas mais distantes est\u00e3o melhor protegidos contra polui\u00e7\u00e3o luminosa. O estudo, por exemplo, n\u00e3o analisou os efeitos dos sat\u00e9lites sobre o Telesc\u00f3pio Espacial James Webb, o observat\u00f3rio Euclid da ESA ou o planejado Telesc\u00f3pio Nancy Grace Roman, da Nasa.<\/p>\n<p data-start=\"4464\" data-end=\"4553\" class=\"my-5 break-words group-[.isActiveSource]:text-xl\">Seus orbitais est\u00e3o muito mais distantes da Terra do que os sat\u00e9lites de telecomunica\u00e7\u00e3o. &#8220;Por esse motivo, eles provavelmente n\u00e3o ser\u00e3o afetados por esse tipo de contamina\u00e7\u00e3o, por enquanto&#8221;, disse Borlaff.<\/p>\n<p data-start=\"4673\" data-end=\"4762\" class=\"my-5 break-words group-[.isActiveSource]:text-xl\">No entanto, esses telesc\u00f3pios n\u00e3o representam a maior parte das observa\u00e7\u00f5es astron\u00f4micas. &#8220;Eles s\u00e3o usados apenas para objetivos cient\u00edficos muito espec\u00edficos e t\u00eam um tempo operacional bastante limitado&#8221;, afirmou Borlaff.<\/p>\n","protected":false},"excerpt":{"rendered":"Um aumento exponencial no n\u00famero de sat\u00e9lites colocados em \u00f3rbita baixa da Terra trouxe avan\u00e7os nas telecomunica\u00e7\u00f5es, incluindo&hellip;\n","protected":false},"author":2,"featured_media":174861,"comment_status":"","ping_status":"","sticky":false,"template":"","format":"standard","meta":{"footnotes":""},"categories":[84],"tags":[109,107,108,32,33,105,103,104,106,110],"class_list":{"0":"post-174860","1":"post","2":"type-post","3":"status-publish","4":"format-standard","5":"has-post-thumbnail","7":"category-ciencia-e-tecnologia","8":"tag-ciencia","9":"tag-ciencia-e-tecnologia","10":"tag-cienciaetecnologia","11":"tag-portugal","12":"tag-pt","13":"tag-science","14":"tag-science-and-technology","15":"tag-scienceandtechnology","16":"tag-technology","17":"tag-tecnologia"},"share_on_mastodon":{"url":"https:\/\/pubeurope.com\/@pt\/115658875437393032","error":""},"_links":{"self":[{"href":"https:\/\/www.europesays.com\/pt\/wp-json\/wp\/v2\/posts\/174860","targetHints":{"allow":["GET"]}}],"collection":[{"href":"https:\/\/www.europesays.com\/pt\/wp-json\/wp\/v2\/posts"}],"about":[{"href":"https:\/\/www.europesays.com\/pt\/wp-json\/wp\/v2\/types\/post"}],"author":[{"embeddable":true,"href":"https:\/\/www.europesays.com\/pt\/wp-json\/wp\/v2\/users\/2"}],"replies":[{"embeddable":true,"href":"https:\/\/www.europesays.com\/pt\/wp-json\/wp\/v2\/comments?post=174860"}],"version-history":[{"count":0,"href":"https:\/\/www.europesays.com\/pt\/wp-json\/wp\/v2\/posts\/174860\/revisions"}],"wp:featuredmedia":[{"embeddable":true,"href":"https:\/\/www.europesays.com\/pt\/wp-json\/wp\/v2\/media\/174861"}],"wp:attachment":[{"href":"https:\/\/www.europesays.com\/pt\/wp-json\/wp\/v2\/media?parent=174860"}],"wp:term":[{"taxonomy":"category","embeddable":true,"href":"https:\/\/www.europesays.com\/pt\/wp-json\/wp\/v2\/categories?post=174860"},{"taxonomy":"post_tag","embeddable":true,"href":"https:\/\/www.europesays.com\/pt\/wp-json\/wp\/v2\/tags?post=174860"}],"curies":[{"name":"wp","href":"https:\/\/api.w.org\/{rel}","templated":true}]}}