{"id":174862,"date":"2025-12-04T02:14:10","date_gmt":"2025-12-04T02:14:10","guid":{"rendered":"https:\/\/www.europesays.com\/pt\/174862\/"},"modified":"2025-12-04T02:14:10","modified_gmt":"2025-12-04T02:14:10","slug":"candidatura-a-emprestimos-europeus-inclui-fragatas-investimento-no-alfeite-blindados-satelites-e-drones-refere-nuno-melo","status":"publish","type":"post","link":"https:\/\/www.europesays.com\/pt\/174862\/","title":{"rendered":"Candidatura a empr\u00e9stimos europeus inclui fragatas, investimento no Alfeite, blindados, sat\u00e9lites e drones, refere Nuno Melo"},"content":{"rendered":"<p>        \u201cVamos investir em fragatas, em artilharia de campanha, em sat\u00e9lites, em ve\u00edculos m\u00e9dios de combate, em viaturas est\u00e1ticas, em muni\u00e7\u00f5es, em sistemas antia\u00e9reos e em drones, sendo que, no caso dos drones, o projeto do SAFE \u00e9 liderado por Portugal\u201d, adiantou Nuno Melo, numa confer\u00eancia de imprensa que decorreu no Instituto de Defesa Nacional (IDN), em Lisboa.    <\/p>\n<p class=\"text-paragraph\">O ministro da Defesa Nacional anunciou hoje que a candidatura portuguesa aos empr\u00e9stimos europeus SAFE inclui a aquisi\u00e7\u00e3o de fragatas, recupera\u00e7\u00e3o do Arsenal do Alfeite e a produ\u00e7\u00e3o de blindados, muni\u00e7\u00f5es, sat\u00e9lites e drones em Portugal.<\/p>\n<p class=\"text-paragraph\">\u201cVamos investir em fragatas, em artilharia de campanha, em sat\u00e9lites, em ve\u00edculos m\u00e9dios de combate, em viaturas est\u00e1ticas, em muni\u00e7\u00f5es, em sistemas antia\u00e9reos e em drones, sendo que, no caso dos drones, o projeto do SAFE \u00e9 liderado por Portugal\u201d, adiantou Nuno Melo, numa confer\u00eancia de imprensa que decorreu no Instituto de Defesa Nacional (IDN), em Lisboa.<\/p>\n<p class=\"text-paragraph\">No passado dia 28, o Conselho de Ministros aprovou a candidatura formal de Portugal ao programa europeu de empr\u00e9stimos para a Defesa SAFE, no valor de 5,8 mil milh\u00f5es de euros.<\/p>\n<p class=\"text-paragraph\">Ap\u00f3s a candidatura inicial, \u201cabre-se agora um processo que \u00e9 de contrata\u00e7\u00e3o at\u00e9 ao final de fevereiro, quando ent\u00e3o a Comiss\u00e3o Europeia confirmar\u00e1 em concreto tudo o que vai suceder\u201d, explicou Nuno Melo.<\/p>\n<p class=\"text-paragraph\">Ainda assim, as prioridades do Governo portugu\u00eas j\u00e1 est\u00e3o estabelecidas: o executivo quer que estes investimentos avultados se traduzam na edifica\u00e7\u00e3o de novas infraestruturas, equipamentos e forma\u00e7\u00e3o de pessoal no Arsenal do Alfeite, de forma a transport\u00e1-lo \u201cpara as exig\u00eancias da Armada\u00a0e tamb\u00e9m para as exig\u00eancias do s\u00e9culo XXI\u201d.<\/p>\n<p class=\"text-paragraph\">Nuno Melo adiantou que Portugal quer ter uma \u201cunidade industrial para produ\u00e7\u00e3o e manuten\u00e7\u00e3o\u00a0de ve\u00edculos blindados\u201d, que sirva n\u00e3o apenas ve\u00edculos nacionais mas tamb\u00e9m de outros pa\u00edses, al\u00e9m da instala\u00e7\u00e3o de uma f\u00e1brica de muni\u00e7\u00f5es de pequenos calibres, que j\u00e1 tinha sido anunciada, uma vez que esta produ\u00e7\u00e3o \u201c\u00e9 deficit\u00e1ria na Uni\u00e3o Europeia\u201d.<\/p>\n<p class=\"text-paragraph\">\u201cTeremos a produ\u00e7\u00e3o de sat\u00e9lites, tamb\u00e9m em Portugal,\u00a0refor\u00e7ando o papel de Portugal no espa\u00e7o\u201d, acrescentou Melo.<\/p>\n<p class=\"text-paragraph\">No \u00e2mbito destes investimentos, Portugal vai desenvolver parcerias com It\u00e1lia, Fran\u00e7a, Finl\u00e2ndia, Alemanha, Espanha e B\u00e9lgica.<\/p>\n<p class=\"text-paragraph\">Nuno Melo n\u00e3o detalhou ainda n\u00famero de equipamentos ou a que empresas estes v\u00e3o ser adquiridos, mas interrogado sobre que investimento ter\u00e1 maior peso\u00a0afirmou que \u201co programa mais avultado ser\u00e1 relativo \u00e0 Marinha\u201d, numa altura em que duas empresas, a francesa Naval Group, e a italiana\u00a0Fincantieri, disputam o neg\u00f3cio de venda ao Estado portugu\u00eas de duas a tr\u00eas fragatas.<\/p>\n","protected":false},"excerpt":{"rendered":"\u201cVamos investir em fragatas, em artilharia de campanha, em sat\u00e9lites, em ve\u00edculos m\u00e9dios de combate, em viaturas est\u00e1ticas,&hellip;\n","protected":false},"author":2,"featured_media":174863,"comment_status":"","ping_status":"","sticky":false,"template":"","format":"standard","meta":{"footnotes":""},"categories":[10],"tags":[27,28,2537,15,16,6293,14,36346,25,26,21,22,12,13,19,20,52,32,23,24,33,17,18,29,30,31],"class_list":{"0":"post-174862","1":"post","2":"type-post","3":"status-publish","4":"format-standard","5":"has-post-thumbnail","7":"category-portugal","8":"tag-breaking-news","9":"tag-breakingnews","10":"tag-defesa","11":"tag-featured-news","12":"tag-featurednews","13":"tag-forcas-armadas","14":"tag-headlines","15":"tag-industria-de-defesa","16":"tag-latest-news","17":"tag-latestnews","18":"tag-main-news","19":"tag-mainnews","20":"tag-news","21":"tag-noticias","22":"tag-noticias-principais","23":"tag-noticiasprincipais","24":"tag-politica","25":"tag-portugal","26":"tag-principais-noticias","27":"tag-principaisnoticias","28":"tag-pt","29":"tag-top-stories","30":"tag-topstories","31":"tag-ultimas","32":"tag-ultimas-noticias","33":"tag-ultimasnoticias"},"share_on_mastodon":{"url":"https:\/\/pubeurope.com\/@pt\/115658887196532990","error":""},"_links":{"self":[{"href":"https:\/\/www.europesays.com\/pt\/wp-json\/wp\/v2\/posts\/174862","targetHints":{"allow":["GET"]}}],"collection":[{"href":"https:\/\/www.europesays.com\/pt\/wp-json\/wp\/v2\/posts"}],"about":[{"href":"https:\/\/www.europesays.com\/pt\/wp-json\/wp\/v2\/types\/post"}],"author":[{"embeddable":true,"href":"https:\/\/www.europesays.com\/pt\/wp-json\/wp\/v2\/users\/2"}],"replies":[{"embeddable":true,"href":"https:\/\/www.europesays.com\/pt\/wp-json\/wp\/v2\/comments?post=174862"}],"version-history":[{"count":0,"href":"https:\/\/www.europesays.com\/pt\/wp-json\/wp\/v2\/posts\/174862\/revisions"}],"wp:featuredmedia":[{"embeddable":true,"href":"https:\/\/www.europesays.com\/pt\/wp-json\/wp\/v2\/media\/174863"}],"wp:attachment":[{"href":"https:\/\/www.europesays.com\/pt\/wp-json\/wp\/v2\/media?parent=174862"}],"wp:term":[{"taxonomy":"category","embeddable":true,"href":"https:\/\/www.europesays.com\/pt\/wp-json\/wp\/v2\/categories?post=174862"},{"taxonomy":"post_tag","embeddable":true,"href":"https:\/\/www.europesays.com\/pt\/wp-json\/wp\/v2\/tags?post=174862"}],"curies":[{"name":"wp","href":"https:\/\/api.w.org\/{rel}","templated":true}]}}