{"id":174878,"date":"2025-12-04T02:39:10","date_gmt":"2025-12-04T02:39:10","guid":{"rendered":"https:\/\/www.europesays.com\/pt\/174878\/"},"modified":"2025-12-04T02:39:10","modified_gmt":"2025-12-04T02:39:10","slug":"quem-sao-as-duas-solistas-de-k-pop-listadas-nos-melhores-albuns-do-ano-pela-rolling-stone","status":"publish","type":"post","link":"https:\/\/www.europesays.com\/pt\/174878\/","title":{"rendered":"Quem s\u00e3o as duas solistas de k-pop listadas nos melhores \u00e1lbuns do ano pela Rolling Stone?"},"content":{"rendered":"<p>Nesta quarta-feira, 03, a famosa revista Rolling Stone divulgou sua lista anual de considera\u00e7\u00f5es de \u201c100 Melhores \u00c1lbuns do Ano\u201d. Contando com a presen\u00e7a de gigantes da ind\u00fastria musical como\u00a0<strong>Bad Bunny, Lady Gaga, Rosalia, Taylor Swift<\/strong>, entre outros diversas, apenas duas <a href=\"https:\/\/recreio.com.br\/noticias\/entretenimento\/jin-do-bts-e-mais-5-melhores-cantores-masculinos-da-hybe-segundo-os-fas.phtml\" target=\"_blank\" rel=\"noopener nofollow\">artistas<\/a> sul-coreanas estiveram presentes no ranking.<\/p>\n<p>A listagem que inclui todos e quaisquer g\u00eaneros musicais, indo do pop \u00e0 eletr\u00f4nica; com novos e j\u00e1 conhecidos talentos, a revista esclarece o objetivo de abranger um grande mapa art\u00edstico, observando que \u201cesses \u00e1lbuns representam todos os estilos, batidas e g\u00eaneros \u2014 mas essa \u00e9 a m\u00fasica que nos manteve em movimento durante todo o ano.\u201d<\/p>\n<p> Afinal, quem representou o K-pop? <\/p>\n<p>Ocupando a 29\u00aa coloca\u00e7\u00e3o no julgamento da jornalista cr\u00edtica <strong>Maura Johnston<\/strong> est\u00e1 \u201cRuby\u201d, o t\u00e3o aguardado primeiro \u00e1lbum de est\u00fadio da estrela do <a href=\"https:\/\/recreio.com.br\/tags\/k-pop\" target=\"_blank\" rel=\"noopener nofollow\">BLACKPINK<\/a>,\u00a0<strong>Jennie<\/strong>. Lan\u00e7ado em mar\u00e7o deste ano, o projeto inclui um rein\u00edcio da carreira da rapper ap\u00f3s criar sua pr\u00f3pria gravadora, saindo da YG Entertainment.<\/p>\n<p>Explorando hip-hop, pop e R&amp;B, o disco \u00e9 composto por 15 faixas \u2014 todas escritas e coproduzidas pela cantora \u2014 e inclui colabora\u00e7\u00f5es <strong>Childish Gambino, Doechii, Dominic Fike, FKJ, Dua Lipa<\/strong> e <strong>Kali Uchis<\/strong>. Dessa maneira, a especialista avaliou:<\/p>\n<blockquote>\n<p>\u201cO mais recente da s\u00e9rie de projetos solo deste ano dos quatro membros do Blackpink, o din\u00e2mico Ruby se apoia fortemente nas ideias que dominaram o pop com inclina\u00e7\u00e3o R&amp;B nos anos 2000 e 1010, \u00e0s vezes atualizando-as de forma intrigante. Se h\u00e1 algum artista cujo espectro paira sobre o \u00e1lbum, \u00e9 Rihanna. Jennie n\u00e3o s\u00f3 tem uma habilidade impressionante de comandar o centro do pop-R&amp;B revestido de doces, como h\u00e1 momentos que parecem ser, sen\u00e3o diretos, pelo menos descendentes de segunda gera\u00e7\u00e3o da introspec\u00e7\u00e3o nebulosa demonstrada pela magnata barbadiana em seu cl\u00e1ssico de 2016, Anti.\u201d<\/p>\n<\/blockquote>\n<p>J\u00e1 o segundo representante do g\u00eanero sul-coreano foi a integrante do Twice,\u00a0<a href=\"https:\/\/www.instagram.com\/chaeyo.0\/\" target=\"_blank\" rel=\"noopener nofollow\"><strong>Chaeyoung<\/strong><\/a>, com seu \u00e1lbum de estreia \u201cLIL FANTASY vol.1\u201d colocado na posi\u00e7\u00e3o 86 pelo cr\u00edtico <strong>Kim Jae Ha.\u00a0<\/strong>Lan\u00e7ado desde 12 de setembro, o projeto cont\u00e9m 9 m\u00fasicas, incluindo a participa\u00e7\u00e3o de <strong>Gliiico, <a href=\"https:\/\/en.wikipedia.org\/wiki\/Sumin_(musician)\" target=\"_blank\" rel=\"noopener nofollow\">Sumin<\/a><\/strong> e <strong>Jibin<\/strong> do Y2K92. Sobre o trabalho, a revista comenta:<\/p>\n<blockquote>\n<p>\u201cChaeyoung alcan\u00e7ou a fama como integrante do grupo de K-pop TWICE. Em sua estreia solo, letras sobre a perda de velhos amigos, perd\u00e3o e abra\u00e7ar seu pr\u00f3prio eu exc\u00eantrico saem da cantora e rapper, enquanto ela mistura neo-soul, trip-hop e funk em suas m\u00fasicas pop sonhadoras. \u2018BF\u2019 reflete sobre como a fama alimenta a solid\u00e3o. Mas tamb\u00e9m h\u00e1 otimismo: na m\u00fasica inspirada na disco \u2018SHOOT (Firecracker)\u2019, ela canta: \u2018N\u00e3o diga adeus, h\u00e1 um novo come\u00e7o.\u2019 Sim, Chaeyoung est\u00e1 vivendo sua pequena fantasia, mas deixa claro que est\u00e1 em andamento e tem espa\u00e7o para crescer.\u201d<\/p>\n<\/blockquote>\n<p>Vale ressaltar que \u201cRuby\u201d e \u201cLil Fantasy vol.1\u201d est\u00e3o dispon\u00edveis em todas as <a href=\"https:\/\/open.spotify.com\/intl-pt\/\" target=\"_blank\" rel=\"noopener nofollow\">plataformas digitais.<\/a><\/p>\n<p>\t                                            <script async src=\"\/\/www.instagram.com\/embed.js\"><\/script><\/p>\n","protected":false},"excerpt":{"rendered":"Nesta quarta-feira, 03, a famosa revista Rolling Stone divulgou sua lista anual de considera\u00e7\u00f5es de \u201c100 Melhores \u00c1lbuns&hellip;\n","protected":false},"author":2,"featured_media":174879,"comment_status":"","ping_status":"","sticky":false,"template":"","format":"standard","meta":{"footnotes":""},"categories":[141],"tags":[3194,22165,114,115,8002,1688,149,150,32,33,36350,14047],"class_list":{"0":"post-174878","1":"post","2":"type-post","3":"status-publish","4":"format-standard","5":"has-post-thumbnail","7":"category-musica","8":"tag-blackpink","9":"tag-chaeyoung","10":"tag-entertainment","11":"tag-entretenimento","12":"tag-jennie","13":"tag-k-pop","14":"tag-music","15":"tag-musica","16":"tag-portugal","17":"tag-pt","18":"tag-solistas","19":"tag-twice"},"share_on_mastodon":{"url":"https:\/\/pubeurope.com\/@pt\/115658985901520133","error":""},"_links":{"self":[{"href":"https:\/\/www.europesays.com\/pt\/wp-json\/wp\/v2\/posts\/174878","targetHints":{"allow":["GET"]}}],"collection":[{"href":"https:\/\/www.europesays.com\/pt\/wp-json\/wp\/v2\/posts"}],"about":[{"href":"https:\/\/www.europesays.com\/pt\/wp-json\/wp\/v2\/types\/post"}],"author":[{"embeddable":true,"href":"https:\/\/www.europesays.com\/pt\/wp-json\/wp\/v2\/users\/2"}],"replies":[{"embeddable":true,"href":"https:\/\/www.europesays.com\/pt\/wp-json\/wp\/v2\/comments?post=174878"}],"version-history":[{"count":0,"href":"https:\/\/www.europesays.com\/pt\/wp-json\/wp\/v2\/posts\/174878\/revisions"}],"wp:featuredmedia":[{"embeddable":true,"href":"https:\/\/www.europesays.com\/pt\/wp-json\/wp\/v2\/media\/174879"}],"wp:attachment":[{"href":"https:\/\/www.europesays.com\/pt\/wp-json\/wp\/v2\/media?parent=174878"}],"wp:term":[{"taxonomy":"category","embeddable":true,"href":"https:\/\/www.europesays.com\/pt\/wp-json\/wp\/v2\/categories?post=174878"},{"taxonomy":"post_tag","embeddable":true,"href":"https:\/\/www.europesays.com\/pt\/wp-json\/wp\/v2\/tags?post=174878"}],"curies":[{"name":"wp","href":"https:\/\/api.w.org\/{rel}","templated":true}]}}