{"id":174905,"date":"2025-12-04T03:16:49","date_gmt":"2025-12-04T03:16:49","guid":{"rendered":"https:\/\/www.europesays.com\/pt\/174905\/"},"modified":"2025-12-04T03:16:49","modified_gmt":"2025-12-04T03:16:49","slug":"as-revelacoes-do-tarot-desta-quarta-feira-3-para-os-signos-de-aries-touro-gemeos-e-cancer-metro-world-news-brasil","status":"publish","type":"post","link":"https:\/\/www.europesays.com\/pt\/174905\/","title":{"rendered":"As revela\u00e7\u00f5es do tarot desta quarta-feira (3) para os signos de \u00c1ries, Touro, G\u00eameos e C\u00e2ncer \u2013 Metro World News Brasil"},"content":{"rendered":"<p class=\"c-paragraph\">Confira as revela\u00e7\u00f5es do tarot, nesta quarta-feira (3), para os signos de \u00c1ries, Touro, G\u00eameos e C\u00e2ncer.<\/p>\n<p class=\"c-paragraph\"><b>Signo de \u00c1ries \u2013 De 21 de mar\u00e7o a 19 de abril<\/b><\/p>\n<p class=\"c-paragraph\">Deixe-se levar por um momento ap\u00f3s per\u00edodos de trabalho intenso, ria se algo lhe parecer engra\u00e7ado durante uma tarefa ou explore uma hist\u00f3ria que est\u00e1 esquecida em sua mente h\u00e1 muito tempo. As atividades de lazer, portanto, devem ser um enriquecimento que voc\u00ea se permite sem reservas.<\/p>\n<p class=\"c-paragraph\"><b>Signo de Touro \u2013 De 20 <\/b><b>de <\/b><b>abril a 20 de maio<\/b><\/p>\n<p class=\"c-paragraph\">O universo ao redor de cada estrela reconhece suas escolhas e confirma que agora \u00e9 o momento certo. Algumas a\u00e7\u00f5es podem curar feridas e trazer paz: simplesmente diga a verdade! Caso contr\u00e1rio, voc\u00ea carregar\u00e1, sem querer, fardos do passado \u2014 algo pesado que ofuscou o progresso que voc\u00ea merecia.<\/p>\n<p class=\"c-paragraph\"><b>Signo de G\u00eameos \u2013 De 21 de maio a 20 de junho<\/b><\/p>\n<p class=\"c-paragraph\">Escolha com sabedoria; tentar fazer tudo ao mesmo tempo n\u00e3o ajudar\u00e1 no equil\u00edbrio. Diga sim quando for importante. Lembre-se: o equil\u00edbrio n\u00e3o est\u00e1 em fazer mais, mas em fazer o necess\u00e1rio. Qualquer escolha que voc\u00ea fizer hoje pode tanto atrapalhar seu caminho quanto ajud\u00e1-lo a se abrir. Seja inteligente, mas \u00e1gil.<\/p>\n<p class=\"c-paragraph\"><b>Signo de C\u00e2ncer \u2013 De 21 de<\/b><b> <\/b><b>junho a 22 de julho<\/b><\/p>\n<p class=\"c-paragraph\">H\u00e1 muita press\u00e3o e resist\u00eancia, mas voc\u00ea n\u00e3o deve deixar que nada te abale. Continue em frente, mesmo que suas m\u00e3os tremam. Voc\u00ea pode ter passado por situa\u00e7\u00f5es piores e sa\u00eddo mais forte. Vamos navegar, n\u00e3o temer. O dia \u00e9 seu se voc\u00ea acreditar.<\/p>\n<p class=\"c-paragraph\">Texto com informa\u00e7\u00f5es do site Hindustan Times<\/p>\n","protected":false},"excerpt":{"rendered":"Confira as revela\u00e7\u00f5es do tarot, nesta quarta-feira (3), para os signos de \u00c1ries, Touro, G\u00eameos e C\u00e2ncer. Signo&hellip;\n","protected":false},"author":2,"featured_media":169515,"comment_status":"","ping_status":"","sticky":false,"template":"","format":"standard","meta":{"footnotes":""},"categories":[85],"tags":[2469,114,115,221,32,33,2468,5836],"class_list":{"0":"post-174905","1":"post","2":"type-post","3":"status-publish","4":"format-standard","5":"has-post-thumbnail","7":"category-entretenimento","8":"tag-astrologia","9":"tag-entertainment","10":"tag-entretenimento","11":"tag-horoscopo","12":"tag-portugal","13":"tag-pt","14":"tag-signos","15":"tag-tarot"},"share_on_mastodon":{"url":"https:\/\/pubeurope.com\/@pt\/115659134895037548","error":""},"_links":{"self":[{"href":"https:\/\/www.europesays.com\/pt\/wp-json\/wp\/v2\/posts\/174905","targetHints":{"allow":["GET"]}}],"collection":[{"href":"https:\/\/www.europesays.com\/pt\/wp-json\/wp\/v2\/posts"}],"about":[{"href":"https:\/\/www.europesays.com\/pt\/wp-json\/wp\/v2\/types\/post"}],"author":[{"embeddable":true,"href":"https:\/\/www.europesays.com\/pt\/wp-json\/wp\/v2\/users\/2"}],"replies":[{"embeddable":true,"href":"https:\/\/www.europesays.com\/pt\/wp-json\/wp\/v2\/comments?post=174905"}],"version-history":[{"count":0,"href":"https:\/\/www.europesays.com\/pt\/wp-json\/wp\/v2\/posts\/174905\/revisions"}],"wp:featuredmedia":[{"embeddable":true,"href":"https:\/\/www.europesays.com\/pt\/wp-json\/wp\/v2\/media\/169515"}],"wp:attachment":[{"href":"https:\/\/www.europesays.com\/pt\/wp-json\/wp\/v2\/media?parent=174905"}],"wp:term":[{"taxonomy":"category","embeddable":true,"href":"https:\/\/www.europesays.com\/pt\/wp-json\/wp\/v2\/categories?post=174905"},{"taxonomy":"post_tag","embeddable":true,"href":"https:\/\/www.europesays.com\/pt\/wp-json\/wp\/v2\/tags?post=174905"}],"curies":[{"name":"wp","href":"https:\/\/api.w.org\/{rel}","templated":true}]}}