{"id":17493,"date":"2025-08-05T19:38:04","date_gmt":"2025-08-05T19:38:04","guid":{"rendered":"https:\/\/www.europesays.com\/pt\/17493\/"},"modified":"2025-08-05T19:38:04","modified_gmt":"2025-08-05T19:38:04","slug":"ps6-podera-marcar-revolucao-grafica-com-ray-tracing-ate-10x-superior-a-ps5","status":"publish","type":"post","link":"https:\/\/www.europesays.com\/pt\/17493\/","title":{"rendered":"PS6 poder\u00e1 marcar revolu\u00e7\u00e3o gr\u00e1fica com ray tracing at\u00e9 10x superior \u00e0 PS5"},"content":{"rendered":"<p>A pr\u00f3xima gera\u00e7\u00e3o de consolas da Sony, a PlayStation 6, dever\u00e1 trazer um avan\u00e7o importante no desempenho gr\u00e1fico, especialmente no ray tracing. Segundo o canal Moore&#8217;s Law Is Dead, a nova consola poder\u00e1 oferecer um desempenho de ray tracing entre cinco e dez vezes superior ao da atual PS5.<\/p>\n<p>Em termos de rasteriza\u00e7\u00e3o, o salto ser\u00e1 mais moderado. A estimativa atual aponta para um desempenho cerca de tr\u00eas vezes superior ao da PS5 base, o que \u00e9 consistente com o tipo de evolu\u00e7\u00e3o observada entre a PS4 e a PS5. A Sony parece acreditar que a rasteriza\u00e7\u00e3o j\u00e1 atingiu um n\u00edvel suficientemente eficiente e que \u00e9 prefer\u00edvel manter o desempenho dentro de limites razo\u00e1veis para oferecer resolu\u00e7\u00f5es 4K a 120 fotogramas por segundo em TVs padr\u00e3o sem aumentar os custos de fabrico.<\/p>\n<p>O chip gr\u00e1fico e de processamento central, conhecido internamente como \u201cOrion\u201d, dever\u00e1 utilizar uma arquitetura AMD Zen 6 com 8 n\u00facleos a cerca de 3 GHz e at\u00e9 48 unidades de computa\u00e7\u00e3o com arquitetura gr\u00e1fica RDNA 5. A mem\u00f3ria gr\u00e1fica ser\u00e1 GDDR7, com largura de barramento de 160 a 192 bits, capaz de atingir larguras de banda superiores a 700 GB\/s , um aumento significativo em rela\u00e7\u00e3o \u00e0 PS5 Pro. A efici\u00eancia energ\u00e9tica tamb\u00e9m est\u00e1 a ser levada em conta, com um consumo de energia estimado em cerca de 160 W, abaixo de muitos dos n\u00edveis de consumo m\u00e1ximo da PS5 atual.<\/p>\n<p>Outro ponto importante \u00e9 que o PS6 manter\u00e1 a compatibilidade com jogos PS5 e PS4, seguindo a estrat\u00e9gia recente da Sony de preservar o ecossistema digital para os jogadores. Al\u00e9m disso, tamb\u00e9m \u00e9 esperado o lan\u00e7amento de um novo dispositivo port\u00e1til com o nome de c\u00f3digo \u201cCanis\u201d ou \u201dRobin\u201d, com um desempenho reduzido, mas focado em ray tracing, retrocompatibilidade e streaming local via Remote Play. Este modelo port\u00e1til dever\u00e1 ter 4 n\u00facleos Zen 6, entre 12 e 20 unidades RDNA 5 e cerca de 15 W de consumo total de energia.<\/p>\n<p>A produ\u00e7\u00e3o da nova consola dever\u00e1 come\u00e7ar em 2027, com lan\u00e7amento previsto para o final de 2027 ou in\u00edcio de 2028. Embora n\u00e3o haja confirma\u00e7\u00e3o oficial da Sony, a maioria das fugas de informa\u00e7\u00e3o aponta para este cen\u00e1rio. Ao mesmo tempo, a Microsoft est\u00e1 a preparar o seu pr\u00f3prio sistema com o chip \u201cMagnus\u201d, que poder\u00e1 aproximar-se mais do ecossistema dos PCs.<\/p>\n<p>A pr\u00f3xima gera\u00e7\u00e3o de consolas parece, desta forma, seguir caminhos diferentes entre os fabricantes. A Microsoft poder\u00e1 optar por um modelo mais pr\u00f3ximo de um PC flex\u00edvel com o referido chip \u201cMagnus\u201d, enquanto a Sony continua a apostar num sistema fechado, mas altamente otimizado. Este equil\u00edbrio poder\u00e1 revelar-se decisivo num mercado onde os pre\u00e7os elevados come\u00e7am a pesar e onde existe uma procura cada vez maior por novidades que v\u00e3o al\u00e9m dos gr\u00e1ficos tradicionais, algo j\u00e1 referido por figuras como <a href=\"https:\/\/www.eurogamer.pt\/personas\/hideo-kojima\" rel=\"nofollow noopener\" target=\"_blank\">Hideo Kojima<\/a>.<\/p>\n<p>Neste momento, todos as informa\u00e7\u00f5es partilhadas baseiam-se em fugas de informa\u00e7\u00e3o, mas v\u00e1rias fontes com um historial cred\u00edvel convergiram para estas caracter\u00edsticas. \u00c9 necess\u00e1rio aguardar por comunicados oficiais da Sony, que dever\u00e3o come\u00e7ar a surgir ap\u00f3s o ciclo de vida da PS5 Pro, que dever\u00e1 prolongar-se at\u00e9 2027.<\/p>\n<p><a href=\"https:\/\/wccftech.com\/playstation-6-will-deliver-5-10x-ray-tracing-performance-over-base-ps5-a-4k-120-fps-console-will-be-a-compelling-proposition-at-anything-below-900\/\" rel=\"nofollow noopener\" target=\"_blank\">Fonte<\/a><\/p>\n<p><a class=\"button video\" href=\"https:\/\/www.youtube.com\/watch?v=x9WV8r-T6LI\" rel=\"noopener nofollow\" target=\"_blank\">Ver no Youtube<\/a><\/p>\n","protected":false},"excerpt":{"rendered":"A pr\u00f3xima gera\u00e7\u00e3o de consolas da Sony, a PlayStation 6, dever\u00e1 trazer um avan\u00e7o importante no desempenho gr\u00e1fico,&hellip;\n","protected":false},"author":2,"featured_media":17494,"comment_status":"","ping_status":"","sticky":false,"template":"","format":"standard","meta":{"footnotes":""},"categories":[84],"tags":[109,107,108,32,33,105,103,104,106,110],"class_list":{"0":"post-17493","1":"post","2":"type-post","3":"status-publish","4":"format-standard","5":"has-post-thumbnail","7":"category-ciencia-e-tecnologia","8":"tag-ciencia","9":"tag-ciencia-e-tecnologia","10":"tag-cienciaetecnologia","11":"tag-portugal","12":"tag-pt","13":"tag-science","14":"tag-science-and-technology","15":"tag-scienceandtechnology","16":"tag-technology","17":"tag-tecnologia"},"share_on_mastodon":{"url":"","error":""},"_links":{"self":[{"href":"https:\/\/www.europesays.com\/pt\/wp-json\/wp\/v2\/posts\/17493","targetHints":{"allow":["GET"]}}],"collection":[{"href":"https:\/\/www.europesays.com\/pt\/wp-json\/wp\/v2\/posts"}],"about":[{"href":"https:\/\/www.europesays.com\/pt\/wp-json\/wp\/v2\/types\/post"}],"author":[{"embeddable":true,"href":"https:\/\/www.europesays.com\/pt\/wp-json\/wp\/v2\/users\/2"}],"replies":[{"embeddable":true,"href":"https:\/\/www.europesays.com\/pt\/wp-json\/wp\/v2\/comments?post=17493"}],"version-history":[{"count":0,"href":"https:\/\/www.europesays.com\/pt\/wp-json\/wp\/v2\/posts\/17493\/revisions"}],"wp:featuredmedia":[{"embeddable":true,"href":"https:\/\/www.europesays.com\/pt\/wp-json\/wp\/v2\/media\/17494"}],"wp:attachment":[{"href":"https:\/\/www.europesays.com\/pt\/wp-json\/wp\/v2\/media?parent=17493"}],"wp:term":[{"taxonomy":"category","embeddable":true,"href":"https:\/\/www.europesays.com\/pt\/wp-json\/wp\/v2\/categories?post=17493"},{"taxonomy":"post_tag","embeddable":true,"href":"https:\/\/www.europesays.com\/pt\/wp-json\/wp\/v2\/tags?post=17493"}],"curies":[{"name":"wp","href":"https:\/\/api.w.org\/{rel}","templated":true}]}}