{"id":174999,"date":"2025-12-04T06:40:31","date_gmt":"2025-12-04T06:40:31","guid":{"rendered":"https:\/\/www.europesays.com\/pt\/174999\/"},"modified":"2025-12-04T06:40:31","modified_gmt":"2025-12-04T06:40:31","slug":"ator-da-tvi-recebe-distincao-rara-o-reconhecimento-que-marca-a-carreira-novelas","status":"publish","type":"post","link":"https:\/\/www.europesays.com\/pt\/174999\/","title":{"rendered":"Ator da TVI recebe distin\u00e7\u00e3o rara: o reconhecimento que marca a carreira &#8211; Novelas"},"content":{"rendered":"<p><a href=\"https:\/\/tvi.iol.pt\/novelas\/search?pagina=1&amp;pesquisa=ricardo+carri%C3%A7o\" rel=\"nofollow noopener\" target=\"_blank\">Ricardo Carri\u00e7o<\/a> vive um momento de celebra\u00e7\u00e3o profissional. O ator TVI foi homenageado no <strong>XVI Festival de Cinema Curta A\u00e7ores<\/strong>, onde recebeu o <strong>Pr\u00e9mio Carreira<\/strong>, um reconhecimento que assinala <strong>35 anos dedicados \u00e0 representa\u00e7\u00e3o<\/strong>.<\/p>\n<p>Nas redes sociais, partilhou o orgulho e a emo\u00e7\u00e3o deste marco. <strong>\u00abJ\u00e1 s\u00e3o 35 anos desta apaixonante profiss\u00e3o e ontem tive a honra de receber o Pr\u00e9mio Carreira, no XVI Festival de cinema Curta A\u00e7ores\u00bb<\/strong>, escreveu, agradecendo ainda \u00aba todos os que me acompanham\u00bb.<\/p>\n<blockquote class=\"instagram-media\" data-instgrm-captioned=\"\" data-instgrm-permalink=\"https:\/\/www.instagram.com\/p\/DRsLGmrjHmM\/?utm_source=ig_embed&amp;utm_campaign=loading\" data-instgrm-version=\"14\" style=\" background:#FFF; border:0; border-radius:3px; box-shadow:0 0 1px 0 rgba(0,0,0,0.5),0 1px 10px 0 rgba(0,0,0,0.15); margin: 1px; max-width:540px; min-width:326px; padding:0; width:99.375%; width:-webkit-calc(100% - 2px); width:calc(100% - 2px);\">\n<\/blockquote>\n<p>A distin\u00e7\u00e3o surge numa fase em que o ator continua ativo e muito presente na fic\u00e7\u00e3o nacional, mostrando que o seu percurso segue s\u00f3lido, admirado e carregado de novas metas.<\/p>\n<p>Entre aplausos, palavras de carinho e in\u00fameras mensagens de f\u00e3s e colegas, este pr\u00e9mio refor\u00e7a o lugar especial que Ricardo Carri\u00e7o ocupa no panorama art\u00edstico portugu\u00eas, celebrando n\u00e3o s\u00f3 a carreira mas tamb\u00e9m a dedica\u00e7\u00e3o e paix\u00e3o que tem levado ao ecr\u00e3 ao longo de mais de tr\u00eas d\u00e9cadas.<\/p>\n<p>Recorde que, atualmente, pode assistir a Ricardo Carri\u00e7o dar vida a Armando em <a href=\"https:\/\/tvi.iol.pt\/novelas\/programa\/terra-forte\/6825f4cbd34e3f0bae9e34a3\" rel=\"nofollow noopener\" target=\"_blank\">\u00abTerra Forte\u00bb<\/a>:<\/p>\n<p>\u00a0<\/p>\n<p>                        <script async src=\"\/\/www.instagram.com\/embed.js\"><\/script><\/p>\n","protected":false},"excerpt":{"rendered":"Ricardo Carri\u00e7o vive um momento de celebra\u00e7\u00e3o profissional. O ator TVI foi homenageado no XVI Festival de Cinema&hellip;\n","protected":false},"author":2,"featured_media":175000,"comment_status":"","ping_status":"","sticky":false,"template":"","format":"standard","meta":{"footnotes":""},"categories":[142],"tags":[160,166,114,115,157,167,164,161,158,165,159,32,33,156,18615,18614,163,151,162],"class_list":{"0":"post-174999","1":"post","2":"type-post","3":"status-publish","4":"format-standard","5":"has-post-thumbnail","7":"category-tv","8":"tag-ana-guiomar","9":"tag-cristina-ferreira","10":"tag-entertainment","11":"tag-entretenimento","12":"tag-festa-e-festa","13":"tag-ficcao","14":"tag-jose-fidalgo","15":"tag-novelas","16":"tag-para-sempre","17":"tag-pedro-sousa","18":"tag-pedro-teixeira","19":"tag-portugal","20":"tag-pt","21":"tag-queridos-papas","22":"tag-ricardo-carrico","23":"tag-terra-forte","24":"tag-tiago-teotonio-pereira","25":"tag-tv","26":"tag-tvi"},"share_on_mastodon":{"url":"https:\/\/pubeurope.com\/@pt\/115659933195925009","error":""},"_links":{"self":[{"href":"https:\/\/www.europesays.com\/pt\/wp-json\/wp\/v2\/posts\/174999","targetHints":{"allow":["GET"]}}],"collection":[{"href":"https:\/\/www.europesays.com\/pt\/wp-json\/wp\/v2\/posts"}],"about":[{"href":"https:\/\/www.europesays.com\/pt\/wp-json\/wp\/v2\/types\/post"}],"author":[{"embeddable":true,"href":"https:\/\/www.europesays.com\/pt\/wp-json\/wp\/v2\/users\/2"}],"replies":[{"embeddable":true,"href":"https:\/\/www.europesays.com\/pt\/wp-json\/wp\/v2\/comments?post=174999"}],"version-history":[{"count":0,"href":"https:\/\/www.europesays.com\/pt\/wp-json\/wp\/v2\/posts\/174999\/revisions"}],"wp:featuredmedia":[{"embeddable":true,"href":"https:\/\/www.europesays.com\/pt\/wp-json\/wp\/v2\/media\/175000"}],"wp:attachment":[{"href":"https:\/\/www.europesays.com\/pt\/wp-json\/wp\/v2\/media?parent=174999"}],"wp:term":[{"taxonomy":"category","embeddable":true,"href":"https:\/\/www.europesays.com\/pt\/wp-json\/wp\/v2\/categories?post=174999"},{"taxonomy":"post_tag","embeddable":true,"href":"https:\/\/www.europesays.com\/pt\/wp-json\/wp\/v2\/tags?post=174999"}],"curies":[{"name":"wp","href":"https:\/\/api.w.org\/{rel}","templated":true}]}}