{"id":175007,"date":"2025-12-04T06:54:09","date_gmt":"2025-12-04T06:54:09","guid":{"rendered":"https:\/\/www.europesays.com\/pt\/175007\/"},"modified":"2025-12-04T06:54:09","modified_gmt":"2025-12-04T06:54:09","slug":"tem-dois-filhos-concorrente-acerta-em-cheio-no-segredo-de-pedro-e-marisa-secret-story","status":"publish","type":"post","link":"https:\/\/www.europesays.com\/pt\/175007\/","title":{"rendered":"\u00abT\u00eam dois filhos\u00bb. Concorrente acerta em cheio no segredo de Pedro e Marisa &#8211; Secret Story"},"content":{"rendered":"<p style=\"margin-bottom:11px\">No Secret Story, j\u00e1 ningu\u00e9m duvida que Pedro e Marisa t\u00eam um segredo em comum. As teorias s\u00e3o v\u00e1rias, mas h\u00e1 um concorrente que acerta em cheio: \u00abT\u00eam dois filhos\u2026\u00bb. Veja o v\u00eddeo.<\/p>\n<p><strong>Esta semana, quatro concorrentes est\u00e3o nomeados e em risco de expuls\u00e3o. Pode votar na APP oficial do TVI reality ou atrav\u00e9s das linhas telef\u00f3nicas.<\/strong><\/p>\n<p>VOTE PARA SALVAR:<\/p>\n<p>BRUNA \u00a0\u2013 \u00a0761 20 20 03<br \/>LILIANA \u00a0\u2013 \u00a0761 20 20 14<br \/>MARISA \u00a0\u2013 \u00a0761 20 20 16<br \/>PEDRO \u00a0\u2013 \u00a0761 20 20 18<\/p>\n<p><a href=\"https:\/\/tvi.iol.pt\/secretstory\/aominuto\" rel=\"nofollow noopener\" target=\"_blank\">Acompanhe aqui tudo o que se passa no Secret Story 9<\/a><\/p>\n","protected":false},"excerpt":{"rendered":"No Secret Story, j\u00e1 ningu\u00e9m duvida que Pedro e Marisa t\u00eam um segredo em comum. As teorias s\u00e3o&hellip;\n","protected":false},"author":2,"featured_media":175008,"comment_status":"","ping_status":"","sticky":false,"template":"","format":"standard","meta":{"footnotes":""},"categories":[142],"tags":[114,115,19184,19795,14646,32,33,19793,19794,151],"class_list":{"0":"post-175007","1":"post","2":"type-post","3":"status-publish","4":"format-standard","5":"has-post-thumbnail","7":"category-tv","8":"tag-entertainment","9":"tag-entretenimento","10":"tag-marisa","11":"tag-misterios-reality-show-tvi","12":"tag-pedro","13":"tag-portugal","14":"tag-pt","15":"tag-segredos-concorrentes","16":"tag-segredos-revelados","17":"tag-tv"},"share_on_mastodon":{"url":"https:\/\/pubeurope.com\/@pt\/115659988190201740","error":""},"_links":{"self":[{"href":"https:\/\/www.europesays.com\/pt\/wp-json\/wp\/v2\/posts\/175007","targetHints":{"allow":["GET"]}}],"collection":[{"href":"https:\/\/www.europesays.com\/pt\/wp-json\/wp\/v2\/posts"}],"about":[{"href":"https:\/\/www.europesays.com\/pt\/wp-json\/wp\/v2\/types\/post"}],"author":[{"embeddable":true,"href":"https:\/\/www.europesays.com\/pt\/wp-json\/wp\/v2\/users\/2"}],"replies":[{"embeddable":true,"href":"https:\/\/www.europesays.com\/pt\/wp-json\/wp\/v2\/comments?post=175007"}],"version-history":[{"count":0,"href":"https:\/\/www.europesays.com\/pt\/wp-json\/wp\/v2\/posts\/175007\/revisions"}],"wp:featuredmedia":[{"embeddable":true,"href":"https:\/\/www.europesays.com\/pt\/wp-json\/wp\/v2\/media\/175008"}],"wp:attachment":[{"href":"https:\/\/www.europesays.com\/pt\/wp-json\/wp\/v2\/media?parent=175007"}],"wp:term":[{"taxonomy":"category","embeddable":true,"href":"https:\/\/www.europesays.com\/pt\/wp-json\/wp\/v2\/categories?post=175007"},{"taxonomy":"post_tag","embeddable":true,"href":"https:\/\/www.europesays.com\/pt\/wp-json\/wp\/v2\/tags?post=175007"}],"curies":[{"name":"wp","href":"https:\/\/api.w.org\/{rel}","templated":true}]}}