{"id":175009,"date":"2025-12-04T07:00:12","date_gmt":"2025-12-04T07:00:12","guid":{"rendered":"https:\/\/www.europesays.com\/pt\/175009\/"},"modified":"2025-12-04T07:00:12","modified_gmt":"2025-12-04T07:00:12","slug":"aquecimento-global-acelera-casos-graves-de-insolacao-diz-estudo-noticias-r7","status":"publish","type":"post","link":"https:\/\/www.europesays.com\/pt\/175009\/","title":{"rendered":"Aquecimento global acelera casos graves de insola\u00e7\u00e3o, diz estudo \u2013 Noticias R7"},"content":{"rendered":"<p><img decoding=\"async\" data-chromatic=\"ignore\" alt=\"\" class=\"c-image\" loading=\"lazy\" src=\"https:\/\/www.europesays.com\/pt\/wp-content\/uploads\/2025\/12\/74E5MHXZP5CTHPO3WVZBJQMRP4.jpeg\"  width=\"2048\" height=\"1152\"\/>Insola\u00e7\u00e3o dispara com ondas de calor mais intensas. (Foto: Getty Images e Africa Images via Canva) Fala Ci\u00eancia <\/p>\n<p class=\"jarvics:base-text-neutral-high-400 base-text-[calc(theme(fontSize.xs)_*_var(--font-size,_1))] base-font-normal base-font-primary base-text-neutral-low-500 base-text-left\">\n<p>O planeta est\u00e1 ficando mais quente, e isso n\u00e3o \u00e9 mais apenas uma preocupa\u00e7\u00e3o ambiental: tornou-se <strong>um problema de sa\u00fade p\u00fablica<\/strong>.\u00a0<\/p>\n<\/p>\n<p class=\"jarvics:base-text-neutral-high-400 base-text-[calc(theme(fontSize.xs)_*_var(--font-size,_1))] base-font-normal base-font-primary base-text-neutral-low-500 base-text-left\">\n<p>De acordo com o estudo <strong>Heat Stroke in the Era of Global Warming: A Call for Urgent Action<\/strong><strong> (2025)<\/strong>, publicado no Annals of Global Health por <strong>Ayesha Khan e Manahil Mubeen<\/strong>, <strong>eventos extremos de calor est\u00e3o acelerando o aumento de casos de insola\u00e7\u00e3o<\/strong>, uma condi\u00e7\u00e3o potencialmente fatal que resulta de <strong>uma falha completa nos mecanismos de regula\u00e7\u00e3o t\u00e9rmica do organismo<\/strong>.<\/p>\n<\/p>\n<p class=\"jarvics:base-text-neutral-high-400 base-text-[calc(theme(fontSize.xs)_*_var(--font-size,_1))] base-font-normal base-font-primary base-text-neutral-low-500 base-text-left\">\n<p>\u00c0 medida que <strong>ondas de calor<\/strong> se tornam mais longas, mais intensas e mais frequentes, popula\u00e7\u00f5es inteiras passam a operar em um n\u00edvel maior de vulnerabilidade. O <strong>corpo humano tem limites claros<\/strong>, e a eleva\u00e7\u00e3o abrupta da temperatura ambiental ultrapassa rapidamente essa capacidade natural de adapta\u00e7\u00e3o.<\/p>\n<\/p>\n<p class=\"jarvics:base-text-neutral-high-400 base-text-[calc(theme(fontSize.xs)_*_var(--font-size,_1))] base-font-normal base-font-primary base-text-neutral-low-500 base-text-left\"><strong>O que muda com o aquecimento global?<\/strong><\/p>\n<p class=\"jarvics:base-text-neutral-high-400 base-text-[calc(theme(fontSize.xs)_*_var(--font-size,_1))] base-font-normal base-font-primary base-text-neutral-low-500 base-text-left\">\n<p>Segundo o estudo, a insola\u00e7\u00e3o n\u00e3o \u00e9 mais apenas um evento isolado de exposi\u00e7\u00e3o excessiva ao sol, mas a s\u00edntese de um fen\u00f4meno maior: a <strong>hipertermia causada por ambientes que se tornam incompat\u00edveis com a sobreviv\u00eancia humana<\/strong> por horas ou dias seguidos.<\/p>\n<\/p>\n<p class=\"jarvics:base-text-neutral-high-400 base-text-[calc(theme(fontSize.xs)_*_var(--font-size,_1))] base-font-normal base-font-primary base-text-neutral-low-500 base-text-left\">\n<p>Entre os fatores que tornam a insola\u00e7\u00e3o mais prov\u00e1vel est\u00e3o:<\/p>\n<\/p>\n<p class=\"jarvics:base-text-neutral-high-400 base-text-[calc(theme(fontSize.xs)_*_var(--font-size,_1))] base-font-normal base-font-primary base-text-neutral-low-500 base-text-left\">\n<ul class=\"wp-block-list\">\n<li><strong>temperaturas extremas persistentes<\/strong><\/li>\n<li>\n<strong>umidade elevada<\/strong>, que impede a evapora\u00e7\u00e3o do suor<\/li>\n<li>\n<strong>noites quentes<\/strong>, que n\u00e3o permitem a recupera\u00e7\u00e3o t\u00e9rmica do corpo<\/li>\n<li>\n<strong>cidades densas<\/strong>, que criam ilhas de calor<\/li>\n<li>\n<strong>falta de acesso a sombra, \u00e1gua e climatiza\u00e7\u00e3o<\/strong> em popula\u00e7\u00f5es vulner\u00e1veis<\/li>\n<\/ul>\n<p class=\"jarvics:base-text-neutral-high-400 base-text-[calc(theme(fontSize.xs)_*_var(--font-size,_1))] base-font-normal base-font-primary base-text-neutral-low-500 base-text-left\">\n<p>Em combina\u00e7\u00e3o, esses elementos criam um cen\u00e1rio em que o corpo entra rapidamente em <strong>estresse t\u00e9rmico<\/strong>, levando a <strong>danos celulares<\/strong>, <strong>inflama\u00e7\u00e3o sist\u00eamica<\/strong> e <strong>fal\u00eancia m\u00faltipla de \u00f3rg\u00e3os<\/strong>.<\/p>\n<\/p>\n<p class=\"jarvics:base-text-neutral-high-400 base-text-[calc(theme(fontSize.xs)_*_var(--font-size,_1))] base-font-normal base-font-primary base-text-neutral-low-500 base-text-left\"><strong>Perigos subestimados da insola\u00e7\u00e3o<\/strong><\/p>\n<p><img decoding=\"async\" data-chromatic=\"ignore\" alt=\"\" class=\"c-image\" loading=\"lazy\" src=\"https:\/\/www.europesays.com\/pt\/wp-content\/uploads\/2025\/12\/FVMHHVEEIVAKVHN6YFMJEH5HIQ.jpeg\"  width=\"1024\" height=\"576\"\/>Ambientes quentes j\u00e1 amea\u00e7am a sa\u00fade p\u00fablica global. (Foto: Aflo via Canva) Fala Ci\u00eancia <\/p>\n<p class=\"jarvics:base-text-neutral-high-400 base-text-[calc(theme(fontSize.xs)_*_var(--font-size,_1))] base-font-normal base-font-primary base-text-neutral-low-500 base-text-left\">\n<p>A insola\u00e7\u00e3o ocorre quando a <strong>temperatura corporal ultrapassa 40 \u00b0C<\/strong> e o <strong>sistema nervoso central come\u00e7a a falhar<\/strong>. O estudo destaca que, nas \u00faltimas d\u00e9cadas, os casos graves evolu\u00edram de forma preocupante, resultando em:<\/p>\n<\/p>\n<p class=\"jarvics:base-text-neutral-high-400 base-text-[calc(theme(fontSize.xs)_*_var(--font-size,_1))] base-font-normal base-font-primary base-text-neutral-low-500 base-text-left\">\n<ul class=\"wp-block-list\">\n<li><strong>dano cerebral permanente<\/strong><\/li>\n<li><strong>insufici\u00eancia hep\u00e1tica<\/strong><\/li>\n<li><strong>inj\u00faria renal aguda<\/strong><\/li>\n<li><strong>arritmias e colapso cardiovascular<\/strong><\/li>\n<li>\n<strong>risco elevado de morte<\/strong> quando o resfriamento n\u00e3o \u00e9 imediato<\/li>\n<\/ul>\n<p class=\"jarvics:base-text-neutral-high-400 base-text-[calc(theme(fontSize.xs)_*_var(--font-size,_1))] base-font-normal base-font-primary base-text-neutral-low-500 base-text-left\">\n<p>Outros estudos complementares demonstram que a <strong>hipertermia intensa provoca quebra da barreira intestinal<\/strong>, ativa\u00e7\u00e3o inflamat\u00f3ria acentuada e altera\u00e7\u00f5es na coagula\u00e7\u00e3o, o que explica o <strong>potencial altamente agressivo<\/strong> da condi\u00e7\u00e3o.<\/p>\n<\/p>\n<p class=\"jarvics:base-text-neutral-high-400 base-text-[calc(theme(fontSize.xs)_*_var(--font-size,_1))] base-font-normal base-font-primary base-text-neutral-low-500 base-text-left\"><strong>Popula\u00e7\u00f5es mais expostas aos novos extremos<\/strong><\/p>\n<p class=\"jarvics:base-text-neutral-high-400 base-text-[calc(theme(fontSize.xs)_*_var(--font-size,_1))] base-font-normal base-font-primary base-text-neutral-low-500 base-text-left\">\n<p>O artigo ressalta que, embora qualquer pessoa possa sofrer insola\u00e7\u00e3o, o aquecimento global amplia o risco especialmente entre:<\/p>\n<\/p>\n<p class=\"jarvics:base-text-neutral-high-400 base-text-[calc(theme(fontSize.xs)_*_var(--font-size,_1))] base-font-normal base-font-primary base-text-neutral-low-500 base-text-left\">\n<ul class=\"wp-block-list\">\n<li><strong>trabalhadores expostos ao sol<\/strong><\/li>\n<li><strong>idosos<\/strong><\/li>\n<li><strong>crian\u00e7as<\/strong><\/li>\n<li><strong>pessoas que vivem em locais sem ventila\u00e7\u00e3o ou refrigera\u00e7\u00e3o<\/strong><\/li>\n<li><strong>indiv\u00edduos com doen\u00e7as cardiovasculares<\/strong><\/li>\n<li><strong>popula\u00e7\u00f5es de baixa renda em centros urbanos<\/strong><\/li>\n<\/ul>\n<p class=\"jarvics:base-text-neutral-high-400 base-text-[calc(theme(fontSize.xs)_*_var(--font-size,_1))] base-font-normal base-font-primary base-text-neutral-low-500 base-text-left\">\n<p>A <strong>desigualdade clim\u00e1tica<\/strong> transforma a insola\u00e7\u00e3o em um problema tanto <strong>biom\u00e9dico quanto social<\/strong>.<\/p>\n<\/p>\n<p class=\"jarvics:base-text-neutral-high-400 base-text-[calc(theme(fontSize.xs)_*_var(--font-size,_1))] base-font-normal base-font-primary base-text-neutral-low-500 base-text-left\"><strong>Urg\u00eancia de sa\u00fade p\u00fablica<\/strong><\/p>\n<p class=\"jarvics:base-text-neutral-high-400 base-text-[calc(theme(fontSize.xs)_*_var(--font-size,_1))] base-font-normal base-font-primary base-text-neutral-low-500 base-text-left\">\n<p>O estudo afirma que a insola\u00e7\u00e3o deve ser classificada globalmente como <strong>um problema emergente de sa\u00fade p\u00fablica<\/strong>. Para enfrentar o avan\u00e7o acelerado dos casos, s\u00e3o necess\u00e1rias a\u00e7\u00f5es imediatas, como:<\/p>\n<\/p>\n<p class=\"jarvics:base-text-neutral-high-400 base-text-[calc(theme(fontSize.xs)_*_var(--font-size,_1))] base-font-normal base-font-primary base-text-neutral-low-500 base-text-left\">\n<ul class=\"wp-block-list\">\n<li>\n<strong>ampliar a\u00e7\u00f5es de preven\u00e7\u00e3o<\/strong> em per\u00edodos de calor extremo<\/li>\n<li>criar <strong>centros p\u00fablicos de resfriamento<\/strong>\n<\/li>\n<li>\n<strong>educar a popula\u00e7\u00e3o<\/strong> sobre sinais precoces<\/li>\n<li><strong>monitorar popula\u00e7\u00f5es vulner\u00e1veis<\/strong><\/li>\n<li><strong>adaptar ambientes urbanos<\/strong><\/li>\n<li>\n<strong>estabelecer planos de emerg\u00eancia<\/strong> durante ondas de calor<\/li>\n<\/ul>\n<p class=\"jarvics:base-text-neutral-high-400 base-text-[calc(theme(fontSize.xs)_*_var(--font-size,_1))] base-font-normal base-font-primary base-text-neutral-low-500 base-text-left\">\n<p>Al\u00e9m disso, recomenda-se a implementa\u00e7\u00e3o de <strong>sistemas de alerta r\u00e1pido<\/strong> para orientar a popula\u00e7\u00e3o em situa\u00e7\u00f5es clim\u00e1ticas cr\u00edticas.<\/p>\n<\/p>\n<p class=\"jarvics:base-text-neutral-high-400 base-text-[calc(theme(fontSize.xs)_*_var(--font-size,_1))] base-font-normal base-font-primary base-text-neutral-low-500 base-text-left\"><strong>Por que agir agora \u00e9 vital?<\/strong><\/p>\n<p class=\"jarvics:base-text-neutral-high-400 base-text-[calc(theme(fontSize.xs)_*_var(--font-size,_1))] base-font-normal base-font-primary base-text-neutral-low-500 base-text-left\">\n<p>A combina\u00e7\u00e3o de <strong>calor extremo<\/strong>, <strong>urbaniza\u00e7\u00e3o acelerada<\/strong> e <strong>mudan\u00e7as clim\u00e1ticas intensas<\/strong> est\u00e1 ampliando um ciclo perigoso. O estudo de Ayesha Khan e Manahil Mubeen refor\u00e7a que a insola\u00e7\u00e3o \u00e9 <strong>uma emerg\u00eancia crescente e silenciosa<\/strong>.<\/p>\n<\/p>\n<p class=\"jarvics:base-text-neutral-high-400 base-text-[calc(theme(fontSize.xs)_*_var(--font-size,_1))] base-font-normal base-font-primary base-text-neutral-low-500 base-text-left\">\n<p><strong>N\u00e3o agir agora significa permitir que o calor ultrapasse a capacidade humana de sobreviv\u00eancia.<\/strong>Tomar medidas imediatas \u00e9 a \u00fanica forma de evitar que a insola\u00e7\u00e3o se torne <strong>uma das principais causas de mortalidade associada ao clima nas pr\u00f3ximas d\u00e9cadas<\/strong>.<\/p><\/p>\n","protected":false},"excerpt":{"rendered":"Insola\u00e7\u00e3o dispara com ondas de calor mais intensas. (Foto: Getty Images e Africa Images via Canva) Fala Ci\u00eancia&hellip;\n","protected":false},"author":2,"featured_media":175010,"comment_status":"","ping_status":"","sticky":false,"template":"","format":"standard","meta":{"footnotes":""},"categories":[84],"tags":[109,107,108,32,33,105,103,104,106,110],"class_list":{"0":"post-175009","1":"post","2":"type-post","3":"status-publish","4":"format-standard","5":"has-post-thumbnail","7":"category-ciencia-e-tecnologia","8":"tag-ciencia","9":"tag-ciencia-e-tecnologia","10":"tag-cienciaetecnologia","11":"tag-portugal","12":"tag-pt","13":"tag-science","14":"tag-science-and-technology","15":"tag-scienceandtechnology","16":"tag-technology","17":"tag-tecnologia"},"share_on_mastodon":{"url":"https:\/\/pubeurope.com\/@pt\/115660012066648079","error":""},"_links":{"self":[{"href":"https:\/\/www.europesays.com\/pt\/wp-json\/wp\/v2\/posts\/175009","targetHints":{"allow":["GET"]}}],"collection":[{"href":"https:\/\/www.europesays.com\/pt\/wp-json\/wp\/v2\/posts"}],"about":[{"href":"https:\/\/www.europesays.com\/pt\/wp-json\/wp\/v2\/types\/post"}],"author":[{"embeddable":true,"href":"https:\/\/www.europesays.com\/pt\/wp-json\/wp\/v2\/users\/2"}],"replies":[{"embeddable":true,"href":"https:\/\/www.europesays.com\/pt\/wp-json\/wp\/v2\/comments?post=175009"}],"version-history":[{"count":0,"href":"https:\/\/www.europesays.com\/pt\/wp-json\/wp\/v2\/posts\/175009\/revisions"}],"wp:featuredmedia":[{"embeddable":true,"href":"https:\/\/www.europesays.com\/pt\/wp-json\/wp\/v2\/media\/175010"}],"wp:attachment":[{"href":"https:\/\/www.europesays.com\/pt\/wp-json\/wp\/v2\/media?parent=175009"}],"wp:term":[{"taxonomy":"category","embeddable":true,"href":"https:\/\/www.europesays.com\/pt\/wp-json\/wp\/v2\/categories?post=175009"},{"taxonomy":"post_tag","embeddable":true,"href":"https:\/\/www.europesays.com\/pt\/wp-json\/wp\/v2\/tags?post=175009"}],"curies":[{"name":"wp","href":"https:\/\/api.w.org\/{rel}","templated":true}]}}