{"id":175026,"date":"2025-12-04T07:41:13","date_gmt":"2025-12-04T07:41:13","guid":{"rendered":"https:\/\/www.europesays.com\/pt\/175026\/"},"modified":"2025-12-04T07:41:13","modified_gmt":"2025-12-04T07:41:13","slug":"morreu-jan-biermann-o-miudo-dinamarques-apaixonado-pelo-benfica","status":"publish","type":"post","link":"https:\/\/www.europesays.com\/pt\/175026\/","title":{"rendered":"Morreu Jan Biermann, o \u00abmi\u00fado dinamarqu\u00eas\u00bb apaixonado pelo Benfica"},"content":{"rendered":"<p>Faleceu esta quarta-feira Jan Biermann, o \u00abmi\u00fado dinamarqu\u00eas\u00bb, como ficou conhecido pela paix\u00e3o pelo Benfica que nasceu nos anos 60. Tinha 77 anos e deixou um \u00faltimo desejo: ser sepultado com a camisola dos encarnados.<\/p>\n<p>A vida de Jan cruzou-se com o Benfica nos \u00abquartos\u00bb da antiga Ta\u00e7a dos Clubes Campe\u00f5es Europeus &#8211; agora Liga dos Campe\u00f5es &#8211; de 1960\/61. Na altura, com 12 anos, o \u00abmi\u00fado dinamarqu\u00eas\u00bb simpatizou com a comitiva benfiquista.<\/p>\n<p>Estabeleceu uma forte liga\u00e7\u00e3o ao clube e tornou-se s\u00f3cio desde ent\u00e3o. Em 2016 entregou todo o \u00abesp\u00f3lio\u00bb que possu\u00eda ao Benfica, entre os quais se destaca a camisola utilizada por Eus\u00e9bio num jogo disputado em Copenhaga em 1969.<\/p>\n<p>\u00abO seu testemunho \u00e9 um raro exemplo de amor ao clube e reflete a odisseia que tornou o Benfica naquele per\u00edodo um fen\u00f3meno global\u00bb, escreveu o Benfica em comunicado.<\/p>\n<p>Jan Helgsberg Biermann deixou expresso \u00e0 fam\u00edlia um \u00faltimo desejo: ser sepultado com a camisola das \u00e1guias.\u00a0<\/p>\n","protected":false},"excerpt":{"rendered":"Faleceu esta quarta-feira Jan Biermann, o \u00abmi\u00fado dinamarqu\u00eas\u00bb, como ficou conhecido pela paix\u00e3o pelo Benfica que nasceu nos&hellip;\n","protected":false},"author":2,"featured_media":175027,"comment_status":"","ping_status":"","sticky":false,"template":"","format":"standard","meta":{"footnotes":""},"categories":[87],"tags":[51,135,36354,1339,46,36355,2409,32,33,47,134],"class_list":{"0":"post-175026","1":"post","2":"type-post","3":"status-publish","4":"format-standard","5":"has-post-thumbnail","7":"category-desporto","8":"tag-benfica","9":"tag-desporto","10":"tag-jan-biermann","11":"tag-luto","12":"tag-maisfutebol","13":"tag-miudo-dinamarques","14":"tag-obito","15":"tag-portugal","16":"tag-pt","17":"tag-pura-paixao","18":"tag-sports"},"share_on_mastodon":{"url":"https:\/\/pubeurope.com\/@pt\/115660173090094954","error":""},"_links":{"self":[{"href":"https:\/\/www.europesays.com\/pt\/wp-json\/wp\/v2\/posts\/175026","targetHints":{"allow":["GET"]}}],"collection":[{"href":"https:\/\/www.europesays.com\/pt\/wp-json\/wp\/v2\/posts"}],"about":[{"href":"https:\/\/www.europesays.com\/pt\/wp-json\/wp\/v2\/types\/post"}],"author":[{"embeddable":true,"href":"https:\/\/www.europesays.com\/pt\/wp-json\/wp\/v2\/users\/2"}],"replies":[{"embeddable":true,"href":"https:\/\/www.europesays.com\/pt\/wp-json\/wp\/v2\/comments?post=175026"}],"version-history":[{"count":0,"href":"https:\/\/www.europesays.com\/pt\/wp-json\/wp\/v2\/posts\/175026\/revisions"}],"wp:featuredmedia":[{"embeddable":true,"href":"https:\/\/www.europesays.com\/pt\/wp-json\/wp\/v2\/media\/175027"}],"wp:attachment":[{"href":"https:\/\/www.europesays.com\/pt\/wp-json\/wp\/v2\/media?parent=175026"}],"wp:term":[{"taxonomy":"category","embeddable":true,"href":"https:\/\/www.europesays.com\/pt\/wp-json\/wp\/v2\/categories?post=175026"},{"taxonomy":"post_tag","embeddable":true,"href":"https:\/\/www.europesays.com\/pt\/wp-json\/wp\/v2\/tags?post=175026"}],"curies":[{"name":"wp","href":"https:\/\/api.w.org\/{rel}","templated":true}]}}