{"id":175043,"date":"2025-12-04T08:03:16","date_gmt":"2025-12-04T08:03:16","guid":{"rendered":"https:\/\/www.europesays.com\/pt\/175043\/"},"modified":"2025-12-04T08:03:16","modified_gmt":"2025-12-04T08:03:16","slug":"liga-antonio-nobre-apita-o-benfica-sporting-da-13-a-jornada","status":"publish","type":"post","link":"https:\/\/www.europesays.com\/pt\/175043\/","title":{"rendered":"Liga: Ant\u00f3nio Nobre apita o Benfica-Sporting da 13.\u00aa jornada"},"content":{"rendered":"<p>Ant\u00f3nio Nobre vai apitar o d\u00e9rbi de Lisboa entre Benfica e Sporting, da 13.\u00aa jornada da Liga, informou o Conselho de Arbitragem (CA) da Federa\u00e7\u00e3o Portuguesa de Futebol (FPF).<\/p>\n<p>O \u00e1rbitro da AF Leiria vai dirigir pela primeira vez um duelo entre \u00e1guias e le\u00f5es.<\/p>\n<p>O juiz, de 37 anos, vai ter como assistentes N\u00e9lson Pereira e Francisco Pereira enquanto o quarto \u00e1rbitro \u00e9 Miguel Nogueira. Por sua vez, Rui Costa vai exercer fun\u00e7\u00f5es de VAR.<\/p>\n<p>Por sua vez, Lu\u00eds Godinho vai estar no Est\u00e1dio Jo\u00e3o Cardoso para arbitrar o duelo entre entre Tondela e FC Porto.\u00a0Rui Teixeira e Pedro Mota ser\u00e3o os assistentes, j\u00e1 Lu\u00eds Ferreira vai estar na Cidade do Futebol, no VAR.<\/p>\n<p><strong>Confira aqui todas as nomea\u00e7\u00f5es para a 13.\u00aa jornada da I Liga:<\/strong><\/p>\n<p><strong>Benfica-Sporting<\/strong><\/p>\n<p>\u00c1rbitro: Ant\u00f3nio Nobre<br \/>Assistentes: N\u00e9lson Pereira e Francisco Pereira<br \/>4.\u00ba \u00e1rbitro: Miguel Nogueira<br \/>VAR: Rui Costa<br \/>AVAR: Paulo Br\u00e1s<\/p>\n<p><strong>Santa Clara-Casa Pia<\/strong><\/p>\n<p>\u00c1rbitro: Diogo Rosa<br \/>Assistentes: R\u00faben Silva e Hugo Coimbra<br \/>4.\u00ba \u00e1rbitro:\u00a0Fl\u00e1vio Lima<br \/>VAR: Jo\u00e3o Casegas<br \/>AVAR: M\u00e1rcio Azevedo<\/p>\n<p><strong>AVS-Rio Ave<\/strong><\/p>\n<p>\u00c1rbitro: Jos\u00e9 Bessa<br \/>Assistentes: Miguel Martins e Hugo Santos<br \/>4.\u00ba \u00e1rbitro: V\u00edtor Lopes<br \/>VAR: Pedro Ferreira<br \/>AVAR: Nelson Cunha<\/p>\n<p><strong>Famalic\u00e3o-Sp. Braga<\/strong><\/p>\n<p>\u00c1rbitro: Cl\u00e1udio Pereira<br \/>Assistentes: Tiago Costa e S\u00e9rgio Jesus<br \/>4.\u00ba \u00e1rbitro: M\u00e1rcio Torres<br \/>VAR: Rui Oliveira<br \/>AVAR: Tiago Leandro<\/p>\n<p><strong>Estoril-Moreirense<\/strong><\/p>\n<p>\u00c1rbitro: H\u00e9lder Malheiro<br \/>Assistentes: Gon\u00e7alo Freire e Hugo Ribeiro<br \/>4.\u00ba \u00e1rbitro: Pedro Ramalho<br \/>VAR: Vasco Santos<br \/>AVAR: Jos\u00e9 Pereira<\/p>\n<p><strong>Estrela-Arouca<\/strong><\/p>\n<p>\u00c1rbitro: Jo\u00e3o Gon\u00e7alves<br \/>Assistentes: Pedro Ribeiro e \u00c2ngelo Carneiro<br \/>4.\u00ba \u00e1rbitro: Ricardo Baixinho<br \/>VAR: Cl\u00e1udia Ribeiro<br \/>AVAR: Carlos Campos<\/p>\n<p><strong>Alverca-Nacional<\/strong><\/p>\n<p>\u00c1rbitro: Gustavo Correia<br \/>Assistentes: Andr\u00e9 Dias e F\u00e1bio Silva<br \/>4.\u00ba \u00e1rbitro: Diogo Ara\u00fajo<br \/>VAR: Jo\u00e3o Bento<br \/>AVAR: Pedro Sousa<\/p>\n<p><strong>Tondela-Porto<\/strong><br \/>\u00c1rbitro: Lu\u00eds Godinho<br \/>Assistentes: Rui Teixeira e Pedro Mota<br \/>4.\u00ba \u00e1rbitro: Iancu Vasilica<br \/>VAR: Lu\u00eds Ferreira<br \/>AVAR: Valdemar Maia<\/p>\n<p><strong>Vit\u00f3ria SC-Gil Vicente FC<\/strong><br \/>\u00c1rbitro: Anzhony Rodrigues<br \/>Assistentes: Jo\u00e3o Martins e Jo\u00e3o Macedo<br \/>4.\u00ba \u00e1rbitro: Carlos Macedo<br \/>VAR: Manuel Mota<br \/>AVAR: Paulo Miranda<\/p>\n<p>(Artigo atualizado \u00e0s 14h53)<\/p>\n","protected":false},"excerpt":{"rendered":"Ant\u00f3nio Nobre vai apitar o d\u00e9rbi de Lisboa entre Benfica e Sporting, da 13.\u00aa jornada da Liga, informou&hellip;\n","protected":false},"author":2,"featured_media":175044,"comment_status":"","ping_status":"","sticky":false,"template":"","format":"standard","meta":{"footnotes":""},"categories":[8],"tags":[18194,3266,51,27,28,15,16,14,25,26,36,21,22,46,12,13,19,20,32,23,24,33,47,34,17,18,29,30,31],"class_list":{"0":"post-175043","1":"post","2":"type-post","3":"status-publish","4":"format-standard","5":"has-post-thumbnail","7":"category-principais-noticias","8":"tag-antonio-nobre","9":"tag-arbitragem","10":"tag-benfica","11":"tag-breaking-news","12":"tag-breakingnews","13":"tag-featured-news","14":"tag-featurednews","15":"tag-headlines","16":"tag-latest-news","17":"tag-latestnews","18":"tag-liga","19":"tag-main-news","20":"tag-mainnews","21":"tag-maisfutebol","22":"tag-news","23":"tag-noticias","24":"tag-noticias-principais","25":"tag-noticiasprincipais","26":"tag-portugal","27":"tag-principais-noticias","28":"tag-principaisnoticias","29":"tag-pt","30":"tag-pura-paixao","31":"tag-sporting","32":"tag-top-stories","33":"tag-topstories","34":"tag-ultimas","35":"tag-ultimas-noticias","36":"tag-ultimasnoticias"},"share_on_mastodon":{"url":"https:\/\/pubeurope.com\/@pt\/115660259630590797","error":""},"_links":{"self":[{"href":"https:\/\/www.europesays.com\/pt\/wp-json\/wp\/v2\/posts\/175043","targetHints":{"allow":["GET"]}}],"collection":[{"href":"https:\/\/www.europesays.com\/pt\/wp-json\/wp\/v2\/posts"}],"about":[{"href":"https:\/\/www.europesays.com\/pt\/wp-json\/wp\/v2\/types\/post"}],"author":[{"embeddable":true,"href":"https:\/\/www.europesays.com\/pt\/wp-json\/wp\/v2\/users\/2"}],"replies":[{"embeddable":true,"href":"https:\/\/www.europesays.com\/pt\/wp-json\/wp\/v2\/comments?post=175043"}],"version-history":[{"count":0,"href":"https:\/\/www.europesays.com\/pt\/wp-json\/wp\/v2\/posts\/175043\/revisions"}],"wp:featuredmedia":[{"embeddable":true,"href":"https:\/\/www.europesays.com\/pt\/wp-json\/wp\/v2\/media\/175044"}],"wp:attachment":[{"href":"https:\/\/www.europesays.com\/pt\/wp-json\/wp\/v2\/media?parent=175043"}],"wp:term":[{"taxonomy":"category","embeddable":true,"href":"https:\/\/www.europesays.com\/pt\/wp-json\/wp\/v2\/categories?post=175043"},{"taxonomy":"post_tag","embeddable":true,"href":"https:\/\/www.europesays.com\/pt\/wp-json\/wp\/v2\/tags?post=175043"}],"curies":[{"name":"wp","href":"https:\/\/api.w.org\/{rel}","templated":true}]}}