{"id":175051,"date":"2025-12-04T08:11:10","date_gmt":"2025-12-04T08:11:10","guid":{"rendered":"https:\/\/www.europesays.com\/pt\/175051\/"},"modified":"2025-12-04T08:11:10","modified_gmt":"2025-12-04T08:11:10","slug":"armadilha-com-levedo-de-cerveja-e-usada-para-mapear-o-mosquito-da-dengue-em-passo-fundo","status":"publish","type":"post","link":"https:\/\/www.europesays.com\/pt\/175051\/","title":{"rendered":"Armadilha com levedo de cerveja \u00e9 usada para mapear o mosquito da dengue em Passo Fundo\u00a0"},"content":{"rendered":"<p><img fetchpriority=\"high\" decoding=\"async\" class=\"w-fit lg:w-full\" loading=\"eager\" src=\"https:\/\/www.europesays.com\/pt\/wp-content\/uploads\/2025\/12\/5547595_d434a59d38f4909.jpg\" title=\"Jo\u00e3o Pazuch \/ PMPF \/ Divulga\u00e7\u00e3o\" alt=\"Jo\u00e3o Pazuch \/ PMPF \/ Divulga\u00e7\u00e3o\" width=\"700\" height=\"477\"\/>F\u00eameas do mosquito colocam seus ovos nas  &#8220;ovitrampas&#8221;.Jo\u00e3o Pazuch \/ PMPF \/ Divulga\u00e7\u00e3o<\/p>\n<p>A chegada dos dias quentes, combinados \u00e0s pancadas de chuva, \u00e9 uns dos fatores que favorecem a prolifera\u00e7\u00e3o do <strong>mosquito da dengue<\/strong>. Para combat\u00ea-lo, a prefeitura de <strong>Passo Fundo<\/strong>, no norte do RS, instalou<strong> 225 armadilhas<\/strong> em diferentes bairros da cidade usando<strong> levedo de cerveja<\/strong>.\u00a0<\/p>\n<p>S\u00e3o as &#8220;ovitrampas&#8221;, mecanismos simples que atraem as f\u00eameas do mosquito para colocarem seus ovos. As armadilhas ficam ativas por cinco dias, quando os agentes de endemias recolhem as amostras para an\u00e1lise.<\/p>\n<p>\u2014 A armadilha \u00e9 feita de um <strong>potinho pl\u00e1stico, com levedo de cerveja <\/strong>dilu\u00eddo em \u00e1gua e uma palheta de compensado. O levedo atrai a f\u00eamea para a postura dos ovos, que ficam concentrados na palheta e depois v\u00e3o para laborat\u00f3rio \u2014 explica a coordenadora de Vigil\u00e2ncia Ambiental, Iv\u00e2nia Silvestrin.<\/p>\n<p>A <strong>contagem dos ovos <\/strong>possibilita saber em quais <strong>regi\u00f5es o mosquito est\u00e1 circulando<\/strong> com mais intensidade. A partir do resultado, as equipes mapeiam quais bairros precisam de trabalho mais intenso, \u00a0refor\u00e7ando as a\u00e7\u00f5es para a elimina\u00e7\u00e3o dos criadouros.<\/p>\n<p>Visitas e limpezas dos p\u00e1tios seguem\u00a0<\/p>\n<p>Al\u00e9m do monitoramento com as armadilhas, continuam sendo realizadas outras medidas de controle, como a <strong>aplica\u00e7\u00e3o de inseticida em im\u00f3veis com casos positivos<\/strong>,<strong> visitas dos agentes<\/strong> para orienta\u00e7\u00e3o e elimina\u00e7\u00e3o de focos, campanhas educativas e o atendimento de den\u00fancias de \u00e1gua parada.<\/p>\n<p>Os dados levantados pelas armadilhas devem ajudar a direcionar os esfor\u00e7os para evitar novos surtos de dengue. Em 2024, Passo Fundo teve<strong> 1.968 casos confirmados<\/strong> da doen\u00e7a e registrou<strong> tr\u00eas mortes<\/strong>. Neste ano, s\u00e3o <strong>149 infectados<\/strong> e nenhuma morte.\u00a0<\/p>\n<p>\u2014 Mesmo com a redu\u00e7\u00e3o de casos neste ano, o risco permanece. \u00c9 importante seguirmos essa luta juntos, com cada um fazendo a sua parte \u2014 refor\u00e7a a coordenadora.<\/p>\n<p><strong>Orienta\u00e7\u00f5es para eliminar os criadouros do mosquito<\/strong><\/p>\n<ul>\n<li class=\"unordered-list-item\">Mantenha as <strong>caixas d&#8217;\u00e1gua bem fechadas<\/strong>, com tela e tampa. O mesmo vale para baldes e ton\u00e9is;<\/li>\n<li class=\"unordered-list-item\">Opte por <strong>vasos de plantas sem pratinhos;<\/strong><\/li>\n<li class=\"unordered-list-item\">Guarde <strong>pneus em locais cobertos e secos<\/strong>. Caso prefira descartar, leve at\u00e9 o ecoponto no bairro S\u00e3o Luiz Gonzaga;<\/li>\n<li class=\"unordered-list-item\">Mantenha <strong>piscinas limpas e tratadas;<\/strong><\/li>\n<li class=\"unordered-list-item\">Descarte o lixo corretamente.<\/li>\n<\/ul>\n<p><strong>Onde denunciar casos de \u00e1gua parada em Passo Fundo<\/strong><\/p>\n<p>Caso voc\u00ea identifique pontos que possam proliferar o mosquito, denuncie nos canais oficiais da prefeitura.<\/p>\n<ul>\n<li class=\"unordered-list-item\">Em caso de<strong> \u00e1gua parada<\/strong>, entre em contato com a secretaria de Sa\u00fade Vigil\u00e2ncia Ambiental pelos n\u00fameros (54) 99654-1444 ou (54) 3046-0073.<\/li>\n<li class=\"unordered-list-item\"><strong>Esgotos<\/strong> sem tratamento podem ser denunciados para a secretaria do Meio Ambiente, pelo n\u00famero (54) 3312-9201.<\/li>\n<li class=\"unordered-list-item\">Casos de<strong> terrenos baldios<\/strong> devem ser levados \u00e0 secretaria de Transportes e Servi\u00e7os Gerais atrav\u00e9s do (54) 3313-7576.<\/li>\n<\/ul>\n<p>\ud83e\udd33 <strong>Para ler mais sobre o que acontece na regi\u00e3o, entre no canal de GZH Passo Fundo no WhatsApp e receba as principais informa\u00e7\u00f5es do dia. <\/strong><a href=\"https:\/\/gzh.digital\/canalpf\" target=\"_blank\" title=\"https:\/\/gzh.digital\/canalpf\" rel=\"nofollow noopener\"><strong>Clique aqui e acesse.<\/strong><\/a><\/p>\n","protected":false},"excerpt":{"rendered":"F\u00eameas do mosquito colocam seus ovos nas &#8220;ovitrampas&#8221;.Jo\u00e3o Pazuch \/ PMPF \/ Divulga\u00e7\u00e3o A chegada dos dias quentes,&hellip;\n","protected":false},"author":2,"featured_media":175052,"comment_status":"","ping_status":"","sticky":false,"template":"","format":"standard","meta":{"footnotes":""},"categories":[86],"tags":[1891,116,1497,32,33,117],"class_list":{"0":"post-175051","1":"post","2":"type-post","3":"status-publish","4":"format-standard","5":"has-post-thumbnail","7":"category-saude","8":"tag-dengue","9":"tag-health","10":"tag-norte-do-rs","11":"tag-portugal","12":"tag-pt","13":"tag-saude"},"share_on_mastodon":{"url":"https:\/\/pubeurope.com\/@pt\/115660291306073311","error":""},"_links":{"self":[{"href":"https:\/\/www.europesays.com\/pt\/wp-json\/wp\/v2\/posts\/175051","targetHints":{"allow":["GET"]}}],"collection":[{"href":"https:\/\/www.europesays.com\/pt\/wp-json\/wp\/v2\/posts"}],"about":[{"href":"https:\/\/www.europesays.com\/pt\/wp-json\/wp\/v2\/types\/post"}],"author":[{"embeddable":true,"href":"https:\/\/www.europesays.com\/pt\/wp-json\/wp\/v2\/users\/2"}],"replies":[{"embeddable":true,"href":"https:\/\/www.europesays.com\/pt\/wp-json\/wp\/v2\/comments?post=175051"}],"version-history":[{"count":0,"href":"https:\/\/www.europesays.com\/pt\/wp-json\/wp\/v2\/posts\/175051\/revisions"}],"wp:featuredmedia":[{"embeddable":true,"href":"https:\/\/www.europesays.com\/pt\/wp-json\/wp\/v2\/media\/175052"}],"wp:attachment":[{"href":"https:\/\/www.europesays.com\/pt\/wp-json\/wp\/v2\/media?parent=175051"}],"wp:term":[{"taxonomy":"category","embeddable":true,"href":"https:\/\/www.europesays.com\/pt\/wp-json\/wp\/v2\/categories?post=175051"},{"taxonomy":"post_tag","embeddable":true,"href":"https:\/\/www.europesays.com\/pt\/wp-json\/wp\/v2\/tags?post=175051"}],"curies":[{"name":"wp","href":"https:\/\/api.w.org\/{rel}","templated":true}]}}