{"id":175059,"date":"2025-12-04T08:18:16","date_gmt":"2025-12-04T08:18:16","guid":{"rendered":"https:\/\/www.europesays.com\/pt\/175059\/"},"modified":"2025-12-04T08:18:16","modified_gmt":"2025-12-04T08:18:16","slug":"roger-waters-lanca-musica-com-mencao-a-marielle-franco","status":"publish","type":"post","link":"https:\/\/www.europesays.com\/pt\/175059\/","title":{"rendered":"Roger Waters lan\u00e7a m\u00fasica com men\u00e7\u00e3o a Marielle Franco"},"content":{"rendered":"<p>Roger Waters, 82, lan\u00e7ou no s\u00e1bado &#8220;Sumud&#8221;, m\u00fasica que faz men\u00e7\u00e3o \u00e0 vereadora Marielle Franco, assassinada em 2018.<br \/>A m\u00fasica tem o t\u00edtulo da palavra \u00e1rabe que significa &#8220;persist\u00eancia inabal\u00e1vel&#8221; ou &#8220;firmeza perseverante&#8221;. Waters cita v\u00e1rias figuras ativistas, hist\u00f3ricas e\/ou contempor\u00e2neas como Rachel Corrie, Shireen Abu Akleh, Sophie Scholl e Anne Frank.<\/p>\n<p>No trecho em que se refere a Marielle, ele diz: &#8220;Lembro-me bem de voc\u00ea\/ De onde voc\u00ea ficou, de onde voc\u00ea caiu\/ Voc\u00ea foi brutalmente assassinada\/ Mas seu esp\u00edrito permanece&#8221;.<\/p>\n<p>N\u00e3o \u00e9 a primeira vez que o artista presta homenagem a Marielle. Em um show no Rio em 2018, ele usou a camiseta com a frase &#8220;lute como Marielle Franco&#8221; e convidou ao palco pessoas a filha da pol\u00edtica, Luyara Santos, a irm\u00e3 Anielle Franco e a vi\u00fava M\u00f4nica Ben\u00edcio. O nome da brasileira j\u00e1 apareceu no tel\u00e3o durante os shows dele.<\/p>\n","protected":false},"excerpt":{"rendered":"Roger Waters, 82, lan\u00e7ou no s\u00e1bado &#8220;Sumud&#8221;, m\u00fasica que faz men\u00e7\u00e3o \u00e0 vereadora Marielle Franco, assassinada em 2018.A&hellip;\n","protected":false},"author":2,"featured_media":175060,"comment_status":"","ping_status":"","sticky":false,"template":"","format":"standard","meta":{"footnotes":""},"categories":[145],"tags":[211,210,114,115,2452,32,33,9203],"class_list":{"0":"post-175059","1":"post","2":"type-post","3":"status-publish","4":"format-standard","5":"has-post-thumbnail","7":"category-celebridades","8":"tag-celebridades","9":"tag-celebrities","10":"tag-entertainment","11":"tag-entretenimento","12":"tag-marielle-franco","13":"tag-portugal","14":"tag-pt","15":"tag-roger-waters"},"share_on_mastodon":{"url":"https:\/\/pubeurope.com\/@pt\/115660318814733461","error":""},"_links":{"self":[{"href":"https:\/\/www.europesays.com\/pt\/wp-json\/wp\/v2\/posts\/175059","targetHints":{"allow":["GET"]}}],"collection":[{"href":"https:\/\/www.europesays.com\/pt\/wp-json\/wp\/v2\/posts"}],"about":[{"href":"https:\/\/www.europesays.com\/pt\/wp-json\/wp\/v2\/types\/post"}],"author":[{"embeddable":true,"href":"https:\/\/www.europesays.com\/pt\/wp-json\/wp\/v2\/users\/2"}],"replies":[{"embeddable":true,"href":"https:\/\/www.europesays.com\/pt\/wp-json\/wp\/v2\/comments?post=175059"}],"version-history":[{"count":0,"href":"https:\/\/www.europesays.com\/pt\/wp-json\/wp\/v2\/posts\/175059\/revisions"}],"wp:featuredmedia":[{"embeddable":true,"href":"https:\/\/www.europesays.com\/pt\/wp-json\/wp\/v2\/media\/175060"}],"wp:attachment":[{"href":"https:\/\/www.europesays.com\/pt\/wp-json\/wp\/v2\/media?parent=175059"}],"wp:term":[{"taxonomy":"category","embeddable":true,"href":"https:\/\/www.europesays.com\/pt\/wp-json\/wp\/v2\/categories?post=175059"},{"taxonomy":"post_tag","embeddable":true,"href":"https:\/\/www.europesays.com\/pt\/wp-json\/wp\/v2\/tags?post=175059"}],"curies":[{"name":"wp","href":"https:\/\/api.w.org\/{rel}","templated":true}]}}