{"id":175073,"date":"2025-12-04T08:36:10","date_gmt":"2025-12-04T08:36:10","guid":{"rendered":"https:\/\/www.europesays.com\/pt\/175073\/"},"modified":"2025-12-04T08:36:10","modified_gmt":"2025-12-04T08:36:10","slug":"a-protegida-nuno-e-goncalo-lutam-ate-sangrar-novelas-2","status":"publish","type":"post","link":"https:\/\/www.europesays.com\/pt\/175073\/","title":{"rendered":"A Protegida: Nuno e Gon\u00e7alo lutam at\u00e9 sangrar &#8211; Novelas"},"content":{"rendered":"<p>Gon\u00e7alo (Jo\u00e3o Bettencourt) est\u00e1 a treinar, concentrado, e nem d\u00e1 pela presen\u00e7a de Nuno (Tiago Teot\u00f3nio Pereira). Este n\u00e3o gosta nada de o ver ali e faz quest\u00e3o de lhe dizer. Nuno pergunta-lhe se n\u00e3o estava de passagem e avisa-o para ficar longe de Gina (Paula Neves) e do seu filho. Gon\u00e7alo n\u00e3o gosta da forma como Nuno fala com ele. Medem-se com o olhar.<\/p>\n<p>Clarice (Fernanda Serrano) e Jorge (Paulo Pires) est\u00e3o nervosos com o que est\u00e1 prestes a acontecer. Jorge diz que j\u00e1 n\u00e3o h\u00e1 tempo de mudar o rumo das coisas e tenta convencer-se de que vai correr bem. Um pol\u00edcia aparece, \u00e0 procura de Jorge, e este fala com ele como se nada fosse.<\/p>\n<p>Gina fica em choque ao ver Nuno e Gon\u00e7alo lutarem a s\u00e9rio. Gon\u00e7alo imobiliza Nuno e diz-lhe que j\u00e1 chega de humilha\u00e7\u00e3o. Gina pergunta-lhe se est\u00e1 louco, mas Gon\u00e7alo diz que eles \u00e9 que devem estar, para o terem escorra\u00e7ado dali e terem feito as coisas como fizeram. Gina fica muito nervosa.<\/p>\n<p>Mariana (Matilde Reym\u00e3o) recebe uma chamada de Anita (Marina Mota), a avis\u00e1-la que Jorge e Clarice est\u00e3o no turismo rural. Mariana quer avisar a pol\u00edcia, mas Anita diz-lhe que n\u00e3o \u00e9 preciso, pois a pol\u00edcia tamb\u00e9m l\u00e1 est\u00e1. Mariana diz que vai sair e liga \u00e0 m\u00e3e para ir ter com ela ao turismo rural.<\/p>\n<p>Gina coloca gelo no ferimento de Nuno e diz que aquilo n\u00e3o faz sentido nenhum. Nuno confessa que o provocou, por ele ser o melhor do mundo e ter engravidado a sua mulher.<\/p>\n<p>FLASHBACK: Gina e Nuno est\u00e3o envolvidos aos beijos e come\u00e7am a despir-se. Gina recebe uma notifica\u00e7\u00e3o no telem\u00f3vel de que o per\u00edodo est\u00e1 atrasado, mas n\u00e3o d\u00e1 grande import\u00e2ncia. Gina faz um teste de gravidez e fica incr\u00e9dula ao ver que o resultado \u00e9 positivo. Nuno fica em estado de choque.<\/p>\n<p>Gina est\u00e1 chateada por Nuno lhe atirar \u00e0 cara que engravidou de outro homem, quando j\u00e1 tinham combinado n\u00e3o voltar a tocar nesse assunto. Nuno diz que tamb\u00e9m n\u00e3o era suposto Gon\u00e7alo andar por ali e n\u00e3o foi isso que aconteceu. Gina diz que n\u00e3o tem culpa e n\u00e3o merece que Nuno a trate assim. \u00a0<\/p>\n<p>Jorge fala com naturalidade com o pol\u00edcia. Diz-lhe que j\u00e1 soube do alarido que o seu regresso est\u00e1 a causar e por isso mesmo chamou-os, para resolverem o problema. O pol\u00edcia pede a Jorge para o acompanhar \u00e0 esquadra. Laura e Mariana acham que Jorge devia ir algemado.<\/p>\n","protected":false},"excerpt":{"rendered":"Gon\u00e7alo (Jo\u00e3o Bettencourt) est\u00e1 a treinar, concentrado, e nem d\u00e1 pela presen\u00e7a de Nuno (Tiago Teot\u00f3nio Pereira). Este&hellip;\n","protected":false},"author":2,"featured_media":173916,"comment_status":"","ping_status":"","sticky":false,"template":"","format":"standard","meta":{"footnotes":""},"categories":[142],"tags":[160,166,114,115,157,167,164,161,158,165,159,32,33,156,163,151,162],"class_list":{"0":"post-175073","1":"post","2":"type-post","3":"status-publish","4":"format-standard","5":"has-post-thumbnail","7":"category-tv","8":"tag-ana-guiomar","9":"tag-cristina-ferreira","10":"tag-entertainment","11":"tag-entretenimento","12":"tag-festa-e-festa","13":"tag-ficcao","14":"tag-jose-fidalgo","15":"tag-novelas","16":"tag-para-sempre","17":"tag-pedro-sousa","18":"tag-pedro-teixeira","19":"tag-portugal","20":"tag-pt","21":"tag-queridos-papas","22":"tag-tiago-teotonio-pereira","23":"tag-tv","24":"tag-tvi"},"share_on_mastodon":{"url":"https:\/\/pubeurope.com\/@pt\/115660389259554139","error":""},"_links":{"self":[{"href":"https:\/\/www.europesays.com\/pt\/wp-json\/wp\/v2\/posts\/175073","targetHints":{"allow":["GET"]}}],"collection":[{"href":"https:\/\/www.europesays.com\/pt\/wp-json\/wp\/v2\/posts"}],"about":[{"href":"https:\/\/www.europesays.com\/pt\/wp-json\/wp\/v2\/types\/post"}],"author":[{"embeddable":true,"href":"https:\/\/www.europesays.com\/pt\/wp-json\/wp\/v2\/users\/2"}],"replies":[{"embeddable":true,"href":"https:\/\/www.europesays.com\/pt\/wp-json\/wp\/v2\/comments?post=175073"}],"version-history":[{"count":0,"href":"https:\/\/www.europesays.com\/pt\/wp-json\/wp\/v2\/posts\/175073\/revisions"}],"wp:featuredmedia":[{"embeddable":true,"href":"https:\/\/www.europesays.com\/pt\/wp-json\/wp\/v2\/media\/173916"}],"wp:attachment":[{"href":"https:\/\/www.europesays.com\/pt\/wp-json\/wp\/v2\/media?parent=175073"}],"wp:term":[{"taxonomy":"category","embeddable":true,"href":"https:\/\/www.europesays.com\/pt\/wp-json\/wp\/v2\/categories?post=175073"},{"taxonomy":"post_tag","embeddable":true,"href":"https:\/\/www.europesays.com\/pt\/wp-json\/wp\/v2\/tags?post=175073"}],"curies":[{"name":"wp","href":"https:\/\/api.w.org\/{rel}","templated":true}]}}