{"id":175089,"date":"2025-12-04T08:59:12","date_gmt":"2025-12-04T08:59:12","guid":{"rendered":"https:\/\/www.europesays.com\/pt\/175089\/"},"modified":"2025-12-04T08:59:12","modified_gmt":"2025-12-04T08:59:12","slug":"bebe-que-ia-ser-entregue-a-familia-de-acolhimento-foi-levada-pela-mae-do-hospital-de-gaia","status":"publish","type":"post","link":"https:\/\/www.europesays.com\/pt\/175089\/","title":{"rendered":"Beb\u00e9 que ia ser entregue a fam\u00edlia de acolhimento foi levada pela m\u00e3e do Hospital de Gaia"},"content":{"rendered":"<p data-remotead-prev-elm=\"true\" data-remotead-elm-id=\"inread\">Segundo fonte hospitalar, a m\u00e3e estava autorizada, pelo tribunal, a acompanhar a beb\u00e9, at\u00e9 hoje internada na pediatria. Tamb\u00e9m esta quarta-feira, o tribunal decidiu que a crian\u00e7a devia ser entregue a uma fam\u00edlia de acolhimento.<\/p>\n<p>A mesma fonte do Hospital de Gaia indica que a desloca\u00e7\u00e3o da m\u00e3e ocorreu a meio da tarde. E, porque todas as crian\u00e7as que est\u00e3o internadas t\u00eam uma pulseira de seguran\u00e7a, que apita \u00e0 passagem das portas, e at\u00e9 bloqueia as mesmas, a unidade de sa\u00fade abriu um inqu\u00e9rito interno para apurar o que aconteceu. De acrescentar que o hospital tamb\u00e9m tem um sistema de videovigil\u00e2ncia.<\/p>\n","protected":false},"excerpt":{"rendered":"Segundo fonte hospitalar, a m\u00e3e estava autorizada, pelo tribunal, a acompanhar a beb\u00e9, at\u00e9 hoje internada na pediatria.&hellip;\n","protected":false},"author":2,"featured_media":175090,"comment_status":"","ping_status":"","sticky":false,"template":"","format":"standard","meta":{"footnotes":""},"categories":[50],"tags":[27,28,19635,15,16,14,24535,25,26,21,22,62,12,13,19,20,23,24,1306,17,18,29,30,31,63,64,65],"class_list":{"0":"post-175089","1":"post","2":"type-post","3":"status-publish","4":"format-standard","5":"has-post-thumbnail","7":"category-mundo","8":"tag-breaking-news","9":"tag-breakingnews","10":"tag-concelho-vila-nova-de-gaia","11":"tag-featured-news","12":"tag-featurednews","13":"tag-headlines","14":"tag-hospital-de-gaia","15":"tag-latest-news","16":"tag-latestnews","17":"tag-main-news","18":"tag-mainnews","19":"tag-mundo","20":"tag-news","21":"tag-noticias","22":"tag-noticias-principais","23":"tag-noticiasprincipais","24":"tag-principais-noticias","25":"tag-principaisnoticias","26":"tag-psp","27":"tag-top-stories","28":"tag-topstories","29":"tag-ultimas","30":"tag-ultimas-noticias","31":"tag-ultimasnoticias","32":"tag-world","33":"tag-world-news","34":"tag-worldnews"},"share_on_mastodon":{"url":"https:\/\/pubeurope.com\/@pt\/115660479964661489","error":""},"_links":{"self":[{"href":"https:\/\/www.europesays.com\/pt\/wp-json\/wp\/v2\/posts\/175089","targetHints":{"allow":["GET"]}}],"collection":[{"href":"https:\/\/www.europesays.com\/pt\/wp-json\/wp\/v2\/posts"}],"about":[{"href":"https:\/\/www.europesays.com\/pt\/wp-json\/wp\/v2\/types\/post"}],"author":[{"embeddable":true,"href":"https:\/\/www.europesays.com\/pt\/wp-json\/wp\/v2\/users\/2"}],"replies":[{"embeddable":true,"href":"https:\/\/www.europesays.com\/pt\/wp-json\/wp\/v2\/comments?post=175089"}],"version-history":[{"count":0,"href":"https:\/\/www.europesays.com\/pt\/wp-json\/wp\/v2\/posts\/175089\/revisions"}],"wp:featuredmedia":[{"embeddable":true,"href":"https:\/\/www.europesays.com\/pt\/wp-json\/wp\/v2\/media\/175090"}],"wp:attachment":[{"href":"https:\/\/www.europesays.com\/pt\/wp-json\/wp\/v2\/media?parent=175089"}],"wp:term":[{"taxonomy":"category","embeddable":true,"href":"https:\/\/www.europesays.com\/pt\/wp-json\/wp\/v2\/categories?post=175089"},{"taxonomy":"post_tag","embeddable":true,"href":"https:\/\/www.europesays.com\/pt\/wp-json\/wp\/v2\/tags?post=175089"}],"curies":[{"name":"wp","href":"https:\/\/api.w.org\/{rel}","templated":true}]}}