{"id":175091,"date":"2025-12-04T09:00:09","date_gmt":"2025-12-04T09:00:09","guid":{"rendered":"https:\/\/www.europesays.com\/pt\/175091\/"},"modified":"2025-12-04T09:00:09","modified_gmt":"2025-12-04T09:00:09","slug":"fabricas-despedem-depois-de-receber-fundos-comunitarios","status":"publish","type":"post","link":"https:\/\/www.europesays.com\/pt\/175091\/","title":{"rendered":"F\u00e1bricas despedem depois de receber fundos comunit\u00e1rios"},"content":{"rendered":"<p data-remotead-prev-elm=\"true\" data-remotead-elm-id=\"inread\">Entre as empresas do setor t\u00eaxtil e do cal\u00e7ado, no Norte do pa\u00eds, que este ano avan\u00e7aram com despedimentos coletivos e processos de insolv\u00eancia, est\u00e3o v\u00e1rias que receberam fundos europeus, o que n\u00e3o travou a dispensa de trabalhadores e at\u00e9 mesmo o encerramento de unidades de produ\u00e7\u00e3o. \u00c9 o caso da Polopiqu\u00e9, com sede em Santo Tirso, que recebeu 8,2 milh\u00f5es de euros no \u00e2mbito do quadro de fundos europeus PT2020 e PT2030 e iniciou uma reestrutura\u00e7\u00e3o que prev\u00ea o despedimento de 274 trabalhadores.<\/p>\n","protected":false},"excerpt":{"rendered":"Entre as empresas do setor t\u00eaxtil e do cal\u00e7ado, no Norte do pa\u00eds, que este ano avan\u00e7aram com&hellip;\n","protected":false},"author":2,"featured_media":175092,"comment_status":"","ping_status":"","sticky":false,"template":"","format":"standard","meta":{"footnotes":""},"categories":[10],"tags":[27,28,1167,15,16,1993,14,295,25,26,21,22,619,12,13,19,20,32,23,24,33,17,18,29,30,31],"class_list":{"0":"post-175091","1":"post","2":"type-post","3":"status-publish","4":"format-standard","5":"has-post-thumbnail","7":"category-portugal","8":"tag-breaking-news","9":"tag-breakingnews","10":"tag-despedimentos","11":"tag-featured-news","12":"tag-featurednews","13":"tag-fundos-europeus","14":"tag-headlines","15":"tag-industria","16":"tag-latest-news","17":"tag-latestnews","18":"tag-main-news","19":"tag-mainnews","20":"tag-nacional","21":"tag-news","22":"tag-noticias","23":"tag-noticias-principais","24":"tag-noticiasprincipais","25":"tag-portugal","26":"tag-principais-noticias","27":"tag-principaisnoticias","28":"tag-pt","29":"tag-top-stories","30":"tag-topstories","31":"tag-ultimas","32":"tag-ultimas-noticias","33":"tag-ultimasnoticias"},"share_on_mastodon":{"url":"https:\/\/pubeurope.com\/@pt\/115660483714638504","error":""},"_links":{"self":[{"href":"https:\/\/www.europesays.com\/pt\/wp-json\/wp\/v2\/posts\/175091","targetHints":{"allow":["GET"]}}],"collection":[{"href":"https:\/\/www.europesays.com\/pt\/wp-json\/wp\/v2\/posts"}],"about":[{"href":"https:\/\/www.europesays.com\/pt\/wp-json\/wp\/v2\/types\/post"}],"author":[{"embeddable":true,"href":"https:\/\/www.europesays.com\/pt\/wp-json\/wp\/v2\/users\/2"}],"replies":[{"embeddable":true,"href":"https:\/\/www.europesays.com\/pt\/wp-json\/wp\/v2\/comments?post=175091"}],"version-history":[{"count":0,"href":"https:\/\/www.europesays.com\/pt\/wp-json\/wp\/v2\/posts\/175091\/revisions"}],"wp:featuredmedia":[{"embeddable":true,"href":"https:\/\/www.europesays.com\/pt\/wp-json\/wp\/v2\/media\/175092"}],"wp:attachment":[{"href":"https:\/\/www.europesays.com\/pt\/wp-json\/wp\/v2\/media?parent=175091"}],"wp:term":[{"taxonomy":"category","embeddable":true,"href":"https:\/\/www.europesays.com\/pt\/wp-json\/wp\/v2\/categories?post=175091"},{"taxonomy":"post_tag","embeddable":true,"href":"https:\/\/www.europesays.com\/pt\/wp-json\/wp\/v2\/tags?post=175091"}],"curies":[{"name":"wp","href":"https:\/\/api.w.org\/{rel}","templated":true}]}}