{"id":175101,"date":"2025-12-04T09:09:12","date_gmt":"2025-12-04T09:09:12","guid":{"rendered":"https:\/\/www.europesays.com\/pt\/175101\/"},"modified":"2025-12-04T09:09:12","modified_gmt":"2025-12-04T09:09:12","slug":"video-flamengo-e-campeao-brasileiro-e-palmeiras-volta-as-vitorias","status":"publish","type":"post","link":"https:\/\/www.europesays.com\/pt\/175101\/","title":{"rendered":"V\u00cdDEO: Flamengo \u00e9 campe\u00e3o brasileiro e Palmeiras volta \u00e0s vit\u00f3rias"},"content":{"rendered":"<p>O Flamengo \u00e9 campe\u00e3o brasileiro! E o sonho do Palmeiras, que j\u00e1 era dif\u00edcil, acabou.<\/p>\n<p>Quatro dias depois de ter conquistado a Libertadores, a equipa treinada por Filipe Lu\u00eds assegurou o t\u00edtulo no Brasileir\u00e3o ao vencer na rece\u00e7\u00e3o ao Cear\u00e1, por 1-0, em jogo da 37.\u00aa jornada, com um golo de Samuel Lino, ex-jogador do Gil Vicente.<\/p>\n<p>\u00c9 certo que o Palmeiras, que depois de uma sequ\u00eancia p\u00e9ssima de resultados, voltou \u00e0s vit\u00f3rias e em grande ao triunfar na visita ao Atl\u00e9tico Mineiro, por 3-0. Por\u00e9m, o \u00abMeng\u00e3o\u00bb s\u00f3 dependia de si e n\u00e3o facilitou no Maracan\u00e3 e a festa rubro-negra vai prosseguir esta semana.<\/p>\n<p><strong>O golo de Samuel Lino no Flamengo-Cear\u00e1:<\/strong><\/p>\n<p>A noite at\u00e9 come\u00e7ou melhor para o Palmeiras do que para o Flamengo, na corrida ao t\u00edtulo. Na visita ao Atl\u00e9tico Mineiro, em jogo a contar para a jornada 34, Flaco L\u00f3pez abriu o marcador ao minuto nove e, aos 20 minutos, Allan dobrou a vantagem. Ao mesmo tempo, o Flamengo continuava empatado e esta combina\u00e7\u00e3o de resultados ainda dava esperan\u00e7a ao \u00abVerd\u00e3o\u00bb para a \u00faltima jornada.<\/p>\n<p>Por\u00e9m, Samuel Lino deu vantagem ao Flamengo aos 37 minutos e deixou a sua equipa mais pr\u00f3xima da festa, enquanto o Palmeiras via-se amea\u00e7ado com uma bola ao poste e Carlos Miguel a evitar, na baliza, o 2-1 do Mineiro.<\/p>\n<p><strong>Os golos da vit\u00f3ria do Palmeiras:<\/strong><\/p>\n<p>Em cima do intervalo, Piquerez foi expulso, Abel Ferreira n\u00e3o escondeu a frustra\u00e7\u00e3o no banco de suplentes e disse v\u00e1rias vezes \u00abvergonha\u00bb na dire\u00e7\u00e3o da equipa de arbitragem. Mas, mesmo em inferioridade num\u00e9rica, o Palmeiras aumentaria a vantagem j\u00e1 perto do apito final, com Luighi, acabado de entrar para a sa\u00edda de Vitor Roque, a fazer o 3-0, ao minuto 81. Isto pouco depois de Rony ter visto um golo anulado para a equipa da casa, com recurso ao v\u00eddeo-\u00e1rbitro, por falta sobre Carlos Miguel.<\/p>\n<p><strong>Nono t\u00edtulo do Flamengo<\/strong><\/p>\n<p>O Flamengo confirmava no Maracan\u00e3 a vit\u00f3ria e sucede ao Botafogo como campe\u00e3o, voltando a s\u00ea-lo pela primeira vez desde 2020 e, no total, de acordo com os t\u00edtulos reconhecidos pela Confedera\u00e7\u00e3o Brasileira de Futebol (CBF), pela nona vez.<\/p>\n<p>Os rubro-negros descolam do Santos (oito) como o segundo clube com mais t\u00edtulos, estando s\u00f3 atr\u00e1s dos 12 do Palmeiras.<\/p>\n","protected":false},"excerpt":{"rendered":"O Flamengo \u00e9 campe\u00e3o brasileiro! E o sonho do Palmeiras, que j\u00e1 era dif\u00edcil, acabou. Quatro dias depois&hellip;\n","protected":false},"author":2,"featured_media":175102,"comment_status":"","ping_status":"","sticky":false,"template":"","format":"standard","meta":{"footnotes":""},"categories":[87],"tags":[3506,1620,135,2460,36359,46,1621,32,33,47,31601,36358,134],"class_list":{"0":"post-175101","1":"post","2":"type-post","3":"status-publish","4":"format-standard","5":"has-post-thumbnail","7":"category-desporto","8":"tag-abel-ferreira","9":"tag-brasileirao","10":"tag-desporto","11":"tag-flamengo","12":"tag-flamengo-campeao","13":"tag-maisfutebol","14":"tag-palmeiras","15":"tag-portugal","16":"tag-pt","17":"tag-pura-paixao","18":"tag-resultados-brasileirao","19":"tag-samuel-lino","20":"tag-sports"},"share_on_mastodon":{"url":"https:\/\/pubeurope.com\/@pt\/115660519437910931","error":""},"_links":{"self":[{"href":"https:\/\/www.europesays.com\/pt\/wp-json\/wp\/v2\/posts\/175101","targetHints":{"allow":["GET"]}}],"collection":[{"href":"https:\/\/www.europesays.com\/pt\/wp-json\/wp\/v2\/posts"}],"about":[{"href":"https:\/\/www.europesays.com\/pt\/wp-json\/wp\/v2\/types\/post"}],"author":[{"embeddable":true,"href":"https:\/\/www.europesays.com\/pt\/wp-json\/wp\/v2\/users\/2"}],"replies":[{"embeddable":true,"href":"https:\/\/www.europesays.com\/pt\/wp-json\/wp\/v2\/comments?post=175101"}],"version-history":[{"count":0,"href":"https:\/\/www.europesays.com\/pt\/wp-json\/wp\/v2\/posts\/175101\/revisions"}],"wp:featuredmedia":[{"embeddable":true,"href":"https:\/\/www.europesays.com\/pt\/wp-json\/wp\/v2\/media\/175102"}],"wp:attachment":[{"href":"https:\/\/www.europesays.com\/pt\/wp-json\/wp\/v2\/media?parent=175101"}],"wp:term":[{"taxonomy":"category","embeddable":true,"href":"https:\/\/www.europesays.com\/pt\/wp-json\/wp\/v2\/categories?post=175101"},{"taxonomy":"post_tag","embeddable":true,"href":"https:\/\/www.europesays.com\/pt\/wp-json\/wp\/v2\/tags?post=175101"}],"curies":[{"name":"wp","href":"https:\/\/api.w.org\/{rel}","templated":true}]}}