{"id":175112,"date":"2025-12-04T09:20:10","date_gmt":"2025-12-04T09:20:10","guid":{"rendered":"https:\/\/www.europesays.com\/pt\/175112\/"},"modified":"2025-12-04T09:20:10","modified_gmt":"2025-12-04T09:20:10","slug":"terra-forte-flor-garante-a-alvaro-no-que-depender-de-mim-vai-voltar-a-ser-dono-da-acoreana-novelas","status":"publish","type":"post","link":"https:\/\/www.europesays.com\/pt\/175112\/","title":{"rendered":"Terra\u00a0Forte- Flor garante a \u00c1lvaro: \u00abNo que depender de mim, vai voltar a ser dono da A\u00e7oreana\u00bb &#8211; Novelas"},"content":{"rendered":"<p>Em \u00abTerra\u00a0Forte\u00bb, Flor (Benedita Pereira) diz a \u00c1lvaro (Jos\u00e9 Wallenstein) ser sua inten\u00e7\u00e3o\u00a0devolver-lhe tudo o que lhe foi roubado quando conseguir ter direito \u00e0 sua heran\u00e7a, mas ele indica n\u00e3o acreditar nela. Flor diz a Rosa Maria (Cust\u00f3dia Gallego) que ela e Ant\u00f3nio vieram ali procurar Vivi\u00a0 para descobrir o que Maria de F\u00e1tima esconde.<\/p>\n","protected":false},"excerpt":{"rendered":"Em \u00abTerra\u00a0Forte\u00bb, Flor (Benedita Pereira) diz a \u00c1lvaro (Jos\u00e9 Wallenstein) ser sua inten\u00e7\u00e3o\u00a0devolver-lhe tudo o que lhe foi&hellip;\n","protected":false},"author":2,"featured_media":175113,"comment_status":"","ping_status":"","sticky":false,"template":"","format":"standard","meta":{"footnotes":""},"categories":[142],"tags":[160,166,114,115,157,167,164,2931,161,158,165,159,32,33,156,18614,163,151,162],"class_list":{"0":"post-175112","1":"post","2":"type-post","3":"status-publish","4":"format-standard","5":"has-post-thumbnail","7":"category-tv","8":"tag-ana-guiomar","9":"tag-cristina-ferreira","10":"tag-entertainment","11":"tag-entretenimento","12":"tag-festa-e-festa","13":"tag-ficcao","14":"tag-jose-fidalgo","15":"tag-novela","16":"tag-novelas","17":"tag-para-sempre","18":"tag-pedro-sousa","19":"tag-pedro-teixeira","20":"tag-portugal","21":"tag-pt","22":"tag-queridos-papas","23":"tag-terra-forte","24":"tag-tiago-teotonio-pereira","25":"tag-tv","26":"tag-tvi"},"share_on_mastodon":{"url":"https:\/\/pubeurope.com\/@pt\/115660562307797126","error":""},"_links":{"self":[{"href":"https:\/\/www.europesays.com\/pt\/wp-json\/wp\/v2\/posts\/175112","targetHints":{"allow":["GET"]}}],"collection":[{"href":"https:\/\/www.europesays.com\/pt\/wp-json\/wp\/v2\/posts"}],"about":[{"href":"https:\/\/www.europesays.com\/pt\/wp-json\/wp\/v2\/types\/post"}],"author":[{"embeddable":true,"href":"https:\/\/www.europesays.com\/pt\/wp-json\/wp\/v2\/users\/2"}],"replies":[{"embeddable":true,"href":"https:\/\/www.europesays.com\/pt\/wp-json\/wp\/v2\/comments?post=175112"}],"version-history":[{"count":0,"href":"https:\/\/www.europesays.com\/pt\/wp-json\/wp\/v2\/posts\/175112\/revisions"}],"wp:featuredmedia":[{"embeddable":true,"href":"https:\/\/www.europesays.com\/pt\/wp-json\/wp\/v2\/media\/175113"}],"wp:attachment":[{"href":"https:\/\/www.europesays.com\/pt\/wp-json\/wp\/v2\/media?parent=175112"}],"wp:term":[{"taxonomy":"category","embeddable":true,"href":"https:\/\/www.europesays.com\/pt\/wp-json\/wp\/v2\/categories?post=175112"},{"taxonomy":"post_tag","embeddable":true,"href":"https:\/\/www.europesays.com\/pt\/wp-json\/wp\/v2\/tags?post=175112"}],"curies":[{"name":"wp","href":"https:\/\/api.w.org\/{rel}","templated":true}]}}