{"id":175301,"date":"2025-12-04T12:14:09","date_gmt":"2025-12-04T12:14:09","guid":{"rendered":"https:\/\/www.europesays.com\/pt\/175301\/"},"modified":"2025-12-04T12:14:09","modified_gmt":"2025-12-04T12:14:09","slug":"vem-ai-em-terra-forte-vivi-assiste-ao-seu-proprio-velorio-novelas","status":"publish","type":"post","link":"https:\/\/www.europesays.com\/pt\/175301\/","title":{"rendered":"Vem a\u00ed em \u00abTerra Forte\u00bb: Vivi assiste ao seu pr\u00f3prio vel\u00f3rio &#8211; Novelas"},"content":{"rendered":"<p>Em \u00abTerra Forte\u00bb, o vel\u00f3rio de <a href=\"https:\/\/tvi.iol.pt\/novelas\/videos\/maria-de-fatima-toma-decisao-sobre-vivi-esta-demitida\/68f8e7750cf285ab53a6b259\" rel=\"nofollow noopener\" target=\"_blank\">Vivi (Sofia Nicholson)<\/a> est\u00e1 a decorrer na igreja, com todos a assustarem-se com a imagem em stand-up de tamanho real de Vivi junto ao altar. Delfina (Elsa Galv\u00e3o) diz a S\u00f3nia (Mafalda Tavares) e Rufino (Vitor Norte) n\u00e3o concordar com aquilo.<\/p>\n<p>Kadu (Vicente Ramirez) diz aos irm\u00e3os continuar sem acreditar na morte da m\u00e3e. <a href=\"https:\/\/tvi.iol.pt\/novelas\/videos\/terra-forte-no-dia-do-seu-aniversario-flor-recebe-uma-visita-inesperada\/68f65c7a0cf29d28d82976c8\" rel=\"nofollow noopener\" target=\"_blank\">Flor (Benedita Pereira)<\/a>\u00a0e <a href=\"https:\/\/tvi.iol.pt\/novelas\/videos\/terra-forte-emocionante-antonio-e-flor-trocam-juras-de-amor\/68f7b89d0cf29d28d8297a77\" rel=\"nofollow noopener\" target=\"_blank\">Ant\u00f3nio (Jo\u00e3o Catarr\u00e9)<\/a>\u00a0v\u00e3o ter com <a href=\"https:\/\/tvi.iol.pt\/novelas\/videos\/terra-forte-marcus-tem-um-novo-plano-para-destruir-maria-de-fatima-e-a-acoreana\/68fa5c1f0cf29d28d8298112\" rel=\"nofollow noopener\" target=\"_blank\">Marcus (Vitor Hugo)<\/a>, que est\u00e1 com <a href=\"https:\/\/tvi.iol.pt\/novelas\/videos\/terra-forte-maria-de-fatima-ameaca-gloria\/68fa5c280cf29d28d8298113\" rel=\"nofollow noopener\" target=\"_blank\">Gl\u00f3ria (Maria Jo\u00e3o Pinho)<\/a>, a dar-lhe os p\u00easames pela morte de Vivi. <a href=\"https:\/\/tvi.iol.pt\/novelas\/videos\/terra-forte-manuel-tira-toda-a-fortuna-alvaro\/68f61d3d0cf285ab53a6aafc\" rel=\"nofollow noopener\" target=\"_blank\">\u00c1lvaro (Jos\u00e9 Wallenstein)<\/a>\u00a0observa atento Flor depois de trocar um olhar com Gl\u00f3ria. <a href=\"https:\/\/tvi.iol.pt\/novelas\/fotos\/vem-ai-em-terra-forte-em-lagrimas-e-rejeitada-rosa-maria-deixa-flor-para-tras\/68f64dafd34e58bc6797196e\" rel=\"nofollow noopener\" target=\"_blank\">Rosa Maria (Cust\u00f3dia Gallego)<\/a>\u00a0repara e critica \u00c1lvaro a pensar que ele est\u00e1 interessado na sua filha, mas refere ser natural por ela ter puxado na beleza a ela. \u00c1lvaro olha-a desconcertado.<\/p>\n<p><a href=\"https:\/\/tvi.iol.pt\/novelas\/videos\/terra-forte-rosinha-salva-a-vida-de-dudu\/68f61d030cf29d28d8297586\" rel=\"nofollow noopener\" target=\"_blank\">Rosinha (Francisca Salgado)<\/a>, <a href=\"https:\/\/tvi.iol.pt\/novelas\/videos\/terra-forte-foi-dani-a-filha-de-maria-de-fatima-que-atingiu-a-propria-mae\/68f61cd50cf285ab53a6aaf8\" rel=\"nofollow noopener\" target=\"_blank\">Dani (Camy Ribau)<\/a>\u00a0e <a href=\"https:\/\/tvi.iol.pt\/novelas\/videos\/terra-forte-dudu-apresenta-rosinha-a-sammy-e-a-rosa-maria\/68f7b86d0cf29d28d8297a76\" rel=\"nofollow noopener\" target=\"_blank\">Dudu (Tom\u00e1s Taborda)<\/a> entram discretamente na igreja para descobrirem quem s\u00e3o os filhos de Vivi. Vivi est\u00e1 disfar\u00e7ada junto \u00e0 igreja a ver quem veio ao seu vel\u00f3rio, ficando indignada ao ver <a href=\"https:\/\/tvi.iol.pt\/novelas\/videos\/terra-forte-maria-de-fatima-e-manuel-tinham-um-caso\/68f65cdc0cf29d28d82976cb\" rel=\"nofollow noopener\" target=\"_blank\">Maria de F\u00e1tima (Rita Pereira)<\/a> chegar de luto carregado e ar abatido. Padre faz uma missa em mem\u00f3ria de Vivi, pedindo a Vini para ler o texto que preparou. Dani, ao ouvir o nome de Vini (Gustavo Alves), levanta-se de imediato, ficando a olh\u00e1-lo at\u00f3nita. Vini vai atr\u00e1s dela.<\/p>\n<p>Todos ficam espantados ao verem Maria de F\u00e1tima entrar, com esta a n\u00e3o se importar minimamente com isso, indo sentar-se \u00e0 frente com Moreira. Vivi entra pela lateral da igreja, ficando a observar.<\/p>\n<p>Recorde-se que Vivi tentou fazer de tudo para conseguir salvar a fam\u00edlia:<\/p>\n","protected":false},"excerpt":{"rendered":"Em \u00abTerra Forte\u00bb, o vel\u00f3rio de Vivi (Sofia Nicholson) est\u00e1 a decorrer na igreja, com todos a assustarem-se&hellip;\n","protected":false},"author":2,"featured_media":175302,"comment_status":"","ping_status":"","sticky":false,"template":"","format":"standard","meta":{"footnotes":""},"categories":[142],"tags":[160,7951,166,114,115,157,167,978,164,161,158,165,159,32,33,156,3086,18614,163,151,162,28302],"class_list":{"0":"post-175301","1":"post","2":"type-post","3":"status-publish","4":"format-standard","5":"has-post-thumbnail","7":"category-tv","8":"tag-ana-guiomar","9":"tag-benedita-pereira","10":"tag-cristina-ferreira","11":"tag-entertainment","12":"tag-entretenimento","13":"tag-festa-e-festa","14":"tag-ficcao","15":"tag-flor","16":"tag-jose-fidalgo","17":"tag-novelas","18":"tag-para-sempre","19":"tag-pedro-sousa","20":"tag-pedro-teixeira","21":"tag-portugal","22":"tag-pt","23":"tag-queridos-papas","24":"tag-sofia-nicholson","25":"tag-terra-forte","26":"tag-tiago-teotonio-pereira","27":"tag-tv","28":"tag-tvi","29":"tag-vivi"},"share_on_mastodon":{"url":"https:\/\/pubeurope.com\/@pt\/115661246513190627","error":""},"_links":{"self":[{"href":"https:\/\/www.europesays.com\/pt\/wp-json\/wp\/v2\/posts\/175301","targetHints":{"allow":["GET"]}}],"collection":[{"href":"https:\/\/www.europesays.com\/pt\/wp-json\/wp\/v2\/posts"}],"about":[{"href":"https:\/\/www.europesays.com\/pt\/wp-json\/wp\/v2\/types\/post"}],"author":[{"embeddable":true,"href":"https:\/\/www.europesays.com\/pt\/wp-json\/wp\/v2\/users\/2"}],"replies":[{"embeddable":true,"href":"https:\/\/www.europesays.com\/pt\/wp-json\/wp\/v2\/comments?post=175301"}],"version-history":[{"count":0,"href":"https:\/\/www.europesays.com\/pt\/wp-json\/wp\/v2\/posts\/175301\/revisions"}],"wp:featuredmedia":[{"embeddable":true,"href":"https:\/\/www.europesays.com\/pt\/wp-json\/wp\/v2\/media\/175302"}],"wp:attachment":[{"href":"https:\/\/www.europesays.com\/pt\/wp-json\/wp\/v2\/media?parent=175301"}],"wp:term":[{"taxonomy":"category","embeddable":true,"href":"https:\/\/www.europesays.com\/pt\/wp-json\/wp\/v2\/categories?post=175301"},{"taxonomy":"post_tag","embeddable":true,"href":"https:\/\/www.europesays.com\/pt\/wp-json\/wp\/v2\/tags?post=175301"}],"curies":[{"name":"wp","href":"https:\/\/api.w.org\/{rel}","templated":true}]}}