{"id":175313,"date":"2025-12-04T12:22:13","date_gmt":"2025-12-04T12:22:13","guid":{"rendered":"https:\/\/www.europesays.com\/pt\/175313\/"},"modified":"2025-12-04T12:22:13","modified_gmt":"2025-12-04T12:22:13","slug":"pelo-menos-sete-mortos-e-centenas-de-feridos-devido-a-defeito-em-sensores-de-glicemia","status":"publish","type":"post","link":"https:\/\/www.europesays.com\/pt\/175313\/","title":{"rendered":"Pelo menos sete mortos e centenas de feridos devido a defeito em sensores de glicemia"},"content":{"rendered":"<p data-remotead-prev-elm=\"true\" data-remotead-elm-id=\"inread\">A opera\u00e7\u00e3o diz respeito a &#8220;certos sensores FreeStyle Libre 3 e FreeStyle Libre 3 Plus&#8221; utilizados por pacientes diab\u00e9ticos, explicou um respons\u00e1vel, em comunicado \u00e0 AFP, acrescentando que &#8220;testes internos determinaram que alguns desses sensores poderiam fornecer medi\u00e7\u00f5es incorretas de glicemia baixa&#8221;.<\/p>\n<p>Al\u00e9m de Fran\u00e7a e dos Estados Unidos, Alemanha, \u00c1ustria, B\u00e9lgica, Canad\u00e1, Dinamarca, Espanha, Finl\u00e2ndia, It\u00e1lia, Luxemburgo, Pa\u00edses Baixos, Nova Zel\u00e2ndia, Noruega, Su\u00e9cia, Su\u00ed\u00e7a e o Reino Unido tamb\u00e9m est\u00e3o envolvidos na campanha de recolha.<\/p>\n<p>Al\u00e9m das sete mortes, a empresa afirmou ter recebido, at\u00e9 ao momento, relatos de 736 incidentes graves que poderiam estar relacionados com a falha.<\/p>\n<p data-remotead-prev-elm=\"true\" data-remotead-elm-id=\"centro1\">Os dispositivos defeituosos est\u00e3o ligados a uma \u00fanica linha de produ\u00e7\u00e3o, precisou a empresa, que alertou as autoridades sanit\u00e1rias dos pa\u00edses onde foram comercializados e iniciou uma a\u00e7\u00e3o de recolha.<\/p>\n<p>Utilizados no tratamento da diabetes, os sensores de glicemia monitorizam continuamente os n\u00edveis de glicose, ajudando assim os pacientes a prevenir o risco de hipoglicemia ou hiperglicemia que, se n\u00e3o forem tratadas, podem provocar coma ou causar a morte.<\/p>\n","protected":false},"excerpt":{"rendered":"A opera\u00e7\u00e3o diz respeito a &#8220;certos sensores FreeStyle Libre 3 e FreeStyle Libre 3 Plus&#8221; utilizados por pacientes&hellip;\n","protected":false},"author":2,"featured_media":175314,"comment_status":"","ping_status":"","sticky":false,"template":"","format":"standard","meta":{"footnotes":""},"categories":[50],"tags":[27,28,1027,15,16,14,25,26,21,22,62,12,13,19,20,23,24,17,18,29,30,31,63,64,65],"class_list":{"0":"post-175313","1":"post","2":"type-post","3":"status-publish","4":"format-standard","5":"has-post-thumbnail","7":"category-mundo","8":"tag-breaking-news","9":"tag-breakingnews","10":"tag-diabetes","11":"tag-featured-news","12":"tag-featurednews","13":"tag-headlines","14":"tag-latest-news","15":"tag-latestnews","16":"tag-main-news","17":"tag-mainnews","18":"tag-mundo","19":"tag-news","20":"tag-noticias","21":"tag-noticias-principais","22":"tag-noticiasprincipais","23":"tag-principais-noticias","24":"tag-principaisnoticias","25":"tag-top-stories","26":"tag-topstories","27":"tag-ultimas","28":"tag-ultimas-noticias","29":"tag-ultimasnoticias","30":"tag-world","31":"tag-world-news","32":"tag-worldnews"},"share_on_mastodon":{"url":"","error":""},"_links":{"self":[{"href":"https:\/\/www.europesays.com\/pt\/wp-json\/wp\/v2\/posts\/175313","targetHints":{"allow":["GET"]}}],"collection":[{"href":"https:\/\/www.europesays.com\/pt\/wp-json\/wp\/v2\/posts"}],"about":[{"href":"https:\/\/www.europesays.com\/pt\/wp-json\/wp\/v2\/types\/post"}],"author":[{"embeddable":true,"href":"https:\/\/www.europesays.com\/pt\/wp-json\/wp\/v2\/users\/2"}],"replies":[{"embeddable":true,"href":"https:\/\/www.europesays.com\/pt\/wp-json\/wp\/v2\/comments?post=175313"}],"version-history":[{"count":0,"href":"https:\/\/www.europesays.com\/pt\/wp-json\/wp\/v2\/posts\/175313\/revisions"}],"wp:featuredmedia":[{"embeddable":true,"href":"https:\/\/www.europesays.com\/pt\/wp-json\/wp\/v2\/media\/175314"}],"wp:attachment":[{"href":"https:\/\/www.europesays.com\/pt\/wp-json\/wp\/v2\/media?parent=175313"}],"wp:term":[{"taxonomy":"category","embeddable":true,"href":"https:\/\/www.europesays.com\/pt\/wp-json\/wp\/v2\/categories?post=175313"},{"taxonomy":"post_tag","embeddable":true,"href":"https:\/\/www.europesays.com\/pt\/wp-json\/wp\/v2\/tags?post=175313"}],"curies":[{"name":"wp","href":"https:\/\/api.w.org\/{rel}","templated":true}]}}