{"id":175315,"date":"2025-12-04T12:27:02","date_gmt":"2025-12-04T12:27:02","guid":{"rendered":"https:\/\/www.europesays.com\/pt\/175315\/"},"modified":"2025-12-04T12:27:02","modified_gmt":"2025-12-04T12:27:02","slug":"um-morto-em-despiste-de-veiculo-com-casal-de-idosos-que-caiu-de-tres-metros-de-altura","status":"publish","type":"post","link":"https:\/\/www.europesays.com\/pt\/175315\/","title":{"rendered":"Um morto em despiste de ve\u00edculo com casal de idosos que caiu de tr\u00eas metros de altura"},"content":{"rendered":"<p data-remotead-prev-elm=\"true\" data-remotead-elm-id=\"inread\">Ao que o JN apurou, o ve\u00edculo ligeiro onde seguia o casal de idosos ter\u00e1 embatido na berma da estrada na venida do Castelo, indo embater numa carrinha e posteriormente sa\u00eddo da via, caindo de uma altura de tr\u00eas metros.<\/p>\n<p>&#8220;\u00c0 nossa chegada, encontramos o ve\u00edculo tombado na lateral do lado do pendura. Procedemos ao desencarceramento das v\u00edtimas que foram depois assistidas pela equipa da viatura m\u00e9dica de emerg\u00eancia e reanima\u00e7\u00e3o&#8221;, referiu \u00d3scar Rodrigues, comandante dos Bombeiros Volunt\u00e1rios de Cete.<\/p>\n<p>O condutor da viatura, um idoso com cerca de 90 anos, estava em paragem cardiorrespirat\u00f3ria e, apesar das manobras realizadas pelas equipas de socorro, n\u00e3o resistiu \u00e0 gravidade dos ferimentos e o \u00f3bito foi declarado no local. A mulher, na casa dos 80 anos, foi assistida no local e transportada com ferimentos leves para o Hospital Padre Am\u00e9rico, em Penafiel.<\/p>\n<p data-remotead-prev-elm=\"true\" data-remotead-elm-id=\"centro1\">Para o acidente foram mobilizados nove operacionais dos Bombeiros Volunt\u00e1rios de Cete, apoiados por quatro ve\u00edculos, assim como as equipas da viatura m\u00e9dica de emerg\u00eancia e reanima\u00e7\u00e3o do Vale do Sousa e de suporte imediato de vida de Gondomar.<\/p>\n<p>A GNR de Paredes tomou conta da ocorr\u00eancia, que obrigou ao corte das duas vias durante cerca de duas horas. <\/p>\n","protected":false},"excerpt":{"rendered":"Ao que o JN apurou, o ve\u00edculo ligeiro onde seguia o casal de idosos ter\u00e1 embatido na berma&hellip;\n","protected":false},"author":2,"featured_media":162676,"comment_status":"","ping_status":"","sticky":false,"template":"","format":"standard","meta":{"footnotes":""},"categories":[10],"tags":[1455,27,28,23518,15,16,14,3385,25,26,21,22,12,13,19,20,32,23,24,33,13144,17,18,29,30,31],"class_list":{"0":"post-175315","1":"post","2":"type-post","3":"status-publish","4":"format-standard","5":"has-post-thumbnail","7":"category-portugal","8":"tag-acidentes","9":"tag-breaking-news","10":"tag-breakingnews","11":"tag-concelho-paredes","12":"tag-featured-news","13":"tag-featurednews","14":"tag-headlines","15":"tag-idosos","16":"tag-latest-news","17":"tag-latestnews","18":"tag-main-news","19":"tag-mainnews","20":"tag-news","21":"tag-noticias","22":"tag-noticias-principais","23":"tag-noticiasprincipais","24":"tag-portugal","25":"tag-principais-noticias","26":"tag-principaisnoticias","27":"tag-pt","28":"tag-sinistralidade","29":"tag-top-stories","30":"tag-topstories","31":"tag-ultimas","32":"tag-ultimas-noticias","33":"tag-ultimasnoticias"},"share_on_mastodon":{"url":"https:\/\/pubeurope.com\/@pt\/115661298045586877","error":""},"_links":{"self":[{"href":"https:\/\/www.europesays.com\/pt\/wp-json\/wp\/v2\/posts\/175315","targetHints":{"allow":["GET"]}}],"collection":[{"href":"https:\/\/www.europesays.com\/pt\/wp-json\/wp\/v2\/posts"}],"about":[{"href":"https:\/\/www.europesays.com\/pt\/wp-json\/wp\/v2\/types\/post"}],"author":[{"embeddable":true,"href":"https:\/\/www.europesays.com\/pt\/wp-json\/wp\/v2\/users\/2"}],"replies":[{"embeddable":true,"href":"https:\/\/www.europesays.com\/pt\/wp-json\/wp\/v2\/comments?post=175315"}],"version-history":[{"count":0,"href":"https:\/\/www.europesays.com\/pt\/wp-json\/wp\/v2\/posts\/175315\/revisions"}],"wp:featuredmedia":[{"embeddable":true,"href":"https:\/\/www.europesays.com\/pt\/wp-json\/wp\/v2\/media\/162676"}],"wp:attachment":[{"href":"https:\/\/www.europesays.com\/pt\/wp-json\/wp\/v2\/media?parent=175315"}],"wp:term":[{"taxonomy":"category","embeddable":true,"href":"https:\/\/www.europesays.com\/pt\/wp-json\/wp\/v2\/categories?post=175315"},{"taxonomy":"post_tag","embeddable":true,"href":"https:\/\/www.europesays.com\/pt\/wp-json\/wp\/v2\/tags?post=175315"}],"curies":[{"name":"wp","href":"https:\/\/api.w.org\/{rel}","templated":true}]}}