{"id":175320,"date":"2025-12-04T12:32:09","date_gmt":"2025-12-04T12:32:09","guid":{"rendered":"https:\/\/www.europesays.com\/pt\/175320\/"},"modified":"2025-12-04T12:32:09","modified_gmt":"2025-12-04T12:32:09","slug":"depois-de-pista-reveladora-ana-quer-fazer-alianca-com-pedro-jorge-e-marisa-para-proteger-os-segredos-que-restam-secret-story","status":"publish","type":"post","link":"https:\/\/www.europesays.com\/pt\/175320\/","title":{"rendered":"Depois de pista reveladora, Ana quer fazer alian\u00e7a com Pedro Jorge e Marisa para proteger os segredos que restam &#8211; Secret Story"},"content":{"rendered":"<p>No <strong>Secret Story 9<\/strong>, uma nova pista surpreendeu os concorrentes e colocou Ana mais pr\u00f3xima que nunca dos segredos de Pedro Jorge e Marisa. A imagem que duas pulseiras de maternidade de beb\u00e9s rec\u00e9m-nascidos apareceu no plasma e uma maquete de uma casa apareceu por tr\u00e1s do espelho do corredor. Como sabemos, estas pistas s\u00e3o relativas aos segredos do casal (\u00abA m\u00e3e dos meus filhos est\u00e1 na casa\u00bb, o segredo de Pedro; \u00abO meu marido est\u00e1 na casa\u00bb, o segredo de Marisa). Ana chegou mesmo a questionar Pedro, ao olhar para a imagem do plasma: \u00abTu \u00e9s da fam\u00edlia da Marisa?\u00bb.\u00a0<\/p>\n<p>Minutos mais tarde, Ana apanha\u00a0Pedro Jorge e Marisa sozinhos na cozinha e aproveitar para fazer uma proposta: uma\u00a0alian\u00e7a para proteger os segredos dos tr\u00eas, pois Ana sabe que as pistas que surgiram nada t\u00eam a ver com o segredo que esconde (\u00abNa minha aldeia acreditam que sou um milagre\u00bb).<\/p>\n<p>Esta semana, quatro concorrentes est\u00e3o nomeados e em risco de expuls\u00e3o. <strong>Pode votar na APP oficial do TVI reality ou atrav\u00e9s das linhas telef\u00f3nicas.<\/strong><\/p>\n<p><strong>VOTE PARA SALVAR:<\/strong><\/p>\n<p><strong>BRUNA \u00a0\u2013 \u00a0761 20 20 03<br \/>LILIANA \u00a0\u2013 \u00a0761 20 20 14<br \/>MARISA \u00a0\u2013 \u00a0761 20 20 16<br \/>PEDRO \u00a0\u2013 \u00a0761 20 20 18<\/strong><\/p>\n<p><strong><a href=\"https:\/\/tvi.iol.pt\/secretstory\/aominuto\" rel=\"nofollow noopener\" target=\"_blank\">Acompanhe aqui tudo o que se passa no Secret Story 9<\/a><\/strong><\/p>\n","protected":false},"excerpt":{"rendered":"No Secret Story 9, uma nova pista surpreendeu os concorrentes e colocou Ana mais pr\u00f3xima que nunca dos&hellip;\n","protected":false},"author":2,"featured_media":175321,"comment_status":"","ping_status":"","sticky":false,"template":"","format":"standard","meta":{"footnotes":""},"categories":[142],"tags":[6340,114,115,19033,977,19034,21416,32,33,151,19032],"class_list":{"0":"post-175320","1":"post","2":"type-post","3":"status-publish","4":"format-standard","5":"has-post-thumbnail","7":"category-tv","8":"tag-ana","9":"tag-entertainment","10":"tag-entretenimento","11":"tag-galas-em-video","12":"tag-maria","13":"tag-melhores-momentos-casa-dos-segredos","14":"tag-pedro-jorge","15":"tag-portugal","16":"tag-pt","17":"tag-tv","18":"tag-videos-secret-story-tvi"},"share_on_mastodon":{"url":"https:\/\/pubeurope.com\/@pt\/115661317511294011","error":""},"_links":{"self":[{"href":"https:\/\/www.europesays.com\/pt\/wp-json\/wp\/v2\/posts\/175320","targetHints":{"allow":["GET"]}}],"collection":[{"href":"https:\/\/www.europesays.com\/pt\/wp-json\/wp\/v2\/posts"}],"about":[{"href":"https:\/\/www.europesays.com\/pt\/wp-json\/wp\/v2\/types\/post"}],"author":[{"embeddable":true,"href":"https:\/\/www.europesays.com\/pt\/wp-json\/wp\/v2\/users\/2"}],"replies":[{"embeddable":true,"href":"https:\/\/www.europesays.com\/pt\/wp-json\/wp\/v2\/comments?post=175320"}],"version-history":[{"count":0,"href":"https:\/\/www.europesays.com\/pt\/wp-json\/wp\/v2\/posts\/175320\/revisions"}],"wp:featuredmedia":[{"embeddable":true,"href":"https:\/\/www.europesays.com\/pt\/wp-json\/wp\/v2\/media\/175321"}],"wp:attachment":[{"href":"https:\/\/www.europesays.com\/pt\/wp-json\/wp\/v2\/media?parent=175320"}],"wp:term":[{"taxonomy":"category","embeddable":true,"href":"https:\/\/www.europesays.com\/pt\/wp-json\/wp\/v2\/categories?post=175320"},{"taxonomy":"post_tag","embeddable":true,"href":"https:\/\/www.europesays.com\/pt\/wp-json\/wp\/v2\/tags?post=175320"}],"curies":[{"name":"wp","href":"https:\/\/api.w.org\/{rel}","templated":true}]}}