{"id":175325,"date":"2025-12-04T12:36:10","date_gmt":"2025-12-04T12:36:10","guid":{"rendered":"https:\/\/www.europesays.com\/pt\/175325\/"},"modified":"2025-12-04T12:36:10","modified_gmt":"2025-12-04T12:36:10","slug":"mocambique-investiga-desvio-de-antirretrovirais-para-criacao-rapida-de-frangos","status":"publish","type":"post","link":"https:\/\/www.europesays.com\/pt\/175325\/","title":{"rendered":"Mo\u00e7ambique investiga desvio de antirretrovirais para cria\u00e7\u00e3o r\u00e1pida de frangos"},"content":{"rendered":"<p>            <img loading=\"lazy\" decoding=\"async\" width=\"696\" height=\"464\" class=\"entry-thumb\" src=\"https:\/\/www.europesays.com\/pt\/wp-content\/uploads\/2025\/12\/29868677-696x464.jpg\"   alt=\"\" title=\"29868677.jpg\"\/><\/p>\n<p><strong>Maputo, 04 dez 2025 (Lusa) \u2013 O Governo mo\u00e7ambicano confirmou hoje estar a investigar uma den\u00fancia de uso de antirretrovirais para cria\u00e7\u00e3o r\u00e1pida de frangos na prov\u00edncia de Tete, centro do pa\u00eds,\u00a0admitindo persistir o desvio de f\u00e1rmacos das unidades hospitalares.<\/strong><\/p>\n<p>\u201cVamos trabalhar no assunto em duas componentes: Uma \u00e9 da sa\u00fade p\u00fablica, por causa do frango que dizem que foi produzido com antirretrovirais, e o segundo \u00e9 o desvio de medicamentos no setor da sa\u00fade\u201d, disse o ministro da Sa\u00fade, Ussene Isse, no parlamento, onde o Governo responde a perguntas dos deputados no \u00e2mbito da proposta do Plano Econ\u00f3mico e Social e Or\u00e7amento do Estado (PESOE) para 2026.<\/p>\n<p>Na interven\u00e7\u00e3o, o ministro confirmou que o Governo tomou conhecimento do caso, um alegado caso do uso de antirretrovirais do Sistema Nacional de Sa\u00fade para impulsionar o r\u00e1pido crescimento de frangos na prov\u00edncia de Tete, ap\u00f3s den\u00fancias nas redes sociais.<\/p>\n<p>O ministro da Sa\u00fade lembrou que a falta de f\u00e1rmacos nas unidades sanit\u00e1rias do pa\u00eds \u00e9 uma consequ\u00eancia das manifesta\u00e7\u00f5es p\u00f3s-eleitotrais que destru\u00edram armaz\u00e9ns de medicamentos e outros materiais m\u00e9dicos, pedindo paci\u00eancia face \u00e0 reposi\u00e7\u00e3o.<\/p>\n<p>\u201cAinda persistem problemas de roubo, de desvio de medicamentos no nosso pa\u00eds e n\u00f3s queremos pedir a vossa colabora\u00e7\u00e3o, porque esta \u00e9 uma das maiores fraquezas que temos, mas isso s\u00f3 podemos reduzir com o vosso apoio, porque s\u00e3o representantes do povo, querem o bem ao povo, ajudem com solu\u00e7\u00f5es\u201d, apelou\u00a0o governante.<\/p>\n<p>O Governo mo\u00e7ambicano admitiu antes um cen\u00e1rio financeiro \u201csubstancialmente mais adverso\u201d face ao previsto na proposta de or\u00e7amento para 2026, cortando as previs\u00f5es de crescimento para 1,6% este ano e nas receitas esperadas no pr\u00f3ximo.<\/p>\n<p>No documento, a que a Lusa teve acesso, revendo a proposta entregue em outubro ao parlamento, o Governo refere que \u201cconstatou-se a necessidade de proceder a um ajuste em baixa da receita do Estado\u201d, no montante global de 14,9 mil milh\u00f5es de meticais (200,6 milh\u00f5es de euros), \u201co que por sua vez ditou o correspondente alinhamento a n\u00edvel da despesa p\u00fablica\u201d.<\/p>\n<p>A proje\u00e7\u00e3o da receita do Estado passa a ser 406.969,4 milh\u00f5es de meticais (5.481 milh\u00f5es de euros) em 2026, equivalente a 24,9% do Produto Interno Bruto (PIB), a despesa do Estado de 520.634,2 milh\u00f5es de meticais (7.012 milh\u00f5es de euros), correspondente a 31,8% do PIB, enquanto o d\u00e9fice or\u00e7amental mant\u00e9m-se em 113.664,9 milh\u00f5es de meticais (1.530 milh\u00f5es de euros), equivalente a 7% do PIB.<\/p>\n<p>PME \/\/ JMC<\/p>\n<p>Lusa\/Fim<\/p>\n","protected":false},"excerpt":{"rendered":"Maputo, 04 dez 2025 (Lusa) \u2013 O Governo mo\u00e7ambicano confirmou hoje estar a investigar uma den\u00fancia de uso&hellip;\n","protected":false},"author":2,"featured_media":132256,"comment_status":"","ping_status":"","sticky":false,"template":"","format":"standard","meta":{"footnotes":""},"categories":[86],"tags":[116,32,33,117],"class_list":{"0":"post-175325","1":"post","2":"type-post","3":"status-publish","4":"format-standard","5":"has-post-thumbnail","7":"category-saude","8":"tag-health","9":"tag-portugal","10":"tag-pt","11":"tag-saude"},"share_on_mastodon":{"url":"https:\/\/pubeurope.com\/@pt\/115661333409275359","error":""},"_links":{"self":[{"href":"https:\/\/www.europesays.com\/pt\/wp-json\/wp\/v2\/posts\/175325","targetHints":{"allow":["GET"]}}],"collection":[{"href":"https:\/\/www.europesays.com\/pt\/wp-json\/wp\/v2\/posts"}],"about":[{"href":"https:\/\/www.europesays.com\/pt\/wp-json\/wp\/v2\/types\/post"}],"author":[{"embeddable":true,"href":"https:\/\/www.europesays.com\/pt\/wp-json\/wp\/v2\/users\/2"}],"replies":[{"embeddable":true,"href":"https:\/\/www.europesays.com\/pt\/wp-json\/wp\/v2\/comments?post=175325"}],"version-history":[{"count":0,"href":"https:\/\/www.europesays.com\/pt\/wp-json\/wp\/v2\/posts\/175325\/revisions"}],"wp:featuredmedia":[{"embeddable":true,"href":"https:\/\/www.europesays.com\/pt\/wp-json\/wp\/v2\/media\/132256"}],"wp:attachment":[{"href":"https:\/\/www.europesays.com\/pt\/wp-json\/wp\/v2\/media?parent=175325"}],"wp:term":[{"taxonomy":"category","embeddable":true,"href":"https:\/\/www.europesays.com\/pt\/wp-json\/wp\/v2\/categories?post=175325"},{"taxonomy":"post_tag","embeddable":true,"href":"https:\/\/www.europesays.com\/pt\/wp-json\/wp\/v2\/tags?post=175325"}],"curies":[{"name":"wp","href":"https:\/\/api.w.org\/{rel}","templated":true}]}}