{"id":175411,"date":"2025-12-04T13:38:16","date_gmt":"2025-12-04T13:38:16","guid":{"rendered":"https:\/\/www.europesays.com\/pt\/175411\/"},"modified":"2025-12-04T13:38:16","modified_gmt":"2025-12-04T13:38:16","slug":"federica-mogherini-foi-formalmente-acusada-de-corrupcao-e-fraude-europa","status":"publish","type":"post","link":"https:\/\/www.europesays.com\/pt\/175411\/","title":{"rendered":"Federica Mogherini foi formalmente acusada de corrup\u00e7\u00e3o e fraude | Europa"},"content":{"rendered":"<p>A antiga alta representante para a Pol\u00edtica Externa e de Seguran\u00e7a da Uni\u00e3o Europeia (UE) e actual reitora do Col\u00e9gio da Europa, Federica Mogherini, foi indiciada, esta quarta-feira, pelos crimes de corrup\u00e7\u00e3o, fraude, conflito de interesse e viola\u00e7\u00e3o de segredo profissional, de acordo com <a href=\"https:\/\/www.eppo.europa.eu\/en\/media\/news\/belgium-three-individuals-formally-notified-accusation-probe-college-europe-and-european\" target=\"_blank\" rel=\"nofollow noopener\">um comunicado<\/a> divulgado pela Procuradoria Europeia. Em causa, est\u00e1 um alegado favorecimento num concurso europeu para a constitui\u00e7\u00e3o de uma academia para jovens diplomatas.<\/p>\n<p>A notifica\u00e7\u00e3o das acusa\u00e7\u00f5es chega um dia depois de Mogherini e de dois outros suspeitos terem sido detidos para interrogat\u00f3rio. A antiga alta representante ter\u00e1 respondido a perguntas durante pelo menos dez horas, de acordo com o que disse a sua advogada ao site <a href=\"https:\/\/www.euractiv.com\/news\/eeas-gate-mogherini-serene-after-10-hour-police-interrogation\/\" target=\"_blank\" rel=\"nofollow noopener\">Euroactiv<\/a>, mas estava \u201cmuito serena\u201d. Na <a href=\"https:\/\/www.publico.pt\/2025\/12\/02\/mundo\/noticia\/detida-federica-mogherini-exvicepresidente-comissao-europeia-2156731\" target=\"_blank\" rel=\"nofollow noopener\">ter\u00e7a-feira<\/a>, decorreram ainda buscas nas instala\u00e7\u00f5es do Col\u00e9gio da Europa, em Bruges, na sede do Servi\u00e7o Europeu de Ac\u00e7\u00e3o Externa, em Bruxelas, e \u00e0 casa de Mogherini.<\/p>\n<p>O comunicado n\u00e3o menciona nenhum dos suspeitos pelo nome, mas d\u00e1 uma descri\u00e7\u00e3o espec\u00edfica o suficiente para saber quem s\u00e3o pelo menos dois dos tr\u00eas respons\u00e1veis que foram acusados de fraude: a \u201creitora do Col\u00e9gio da Europa, em Bruges\u201d, \u00e9 Federica Mogherini, j\u00e1 o \u201crespons\u00e1vel da Comiss\u00e3o Europeia\u201d \u00e9 Stefano Sannino, antigo secret\u00e1rio-geral executivo do Servi\u00e7o Europeu de Ac\u00e7\u00e3o Externa e actual <a href=\"https:\/\/www.publico.pt\/2025\/12\/02\/mundo\/entrevista\/dubravka-suica-ha-distinguir-migracao-legal-ilegal-politicos-querem-misturar-duas-2156212\" target=\"_blank\" rel=\"nofollow noopener\">director-geral para o Mediterr\u00e2neo<\/a>. \u00c9 mencionado ainda um \u201crespons\u00e1vel\u201d no Col\u00e9gio da Europa, cuja identidade se desconhece por enquanto.<\/p>\n<p>O comunicado detalha que os tr\u00eas, que foram detidos no dia anterior para interrogat\u00f3rio, j\u00e1 foram \u201clibertados por n\u00e3o se considerar que exista perigo de fuga\u201d, e salienta que \u201ch\u00e1 presun\u00e7\u00e3o de inoc\u00eancia at\u00e9 prova em contr\u00e1rio pelos tribunais belgas competentes\u201d.<\/p>\n<p>        &#13;<\/p>\n<p>&#13;<br \/>\n                &#13;\n            <\/p>\n<p>&#13;<\/p>\n<p>De acordo com o que se soube do caso na ter\u00e7a-feira, est\u00e1 em causa a adjudica\u00e7\u00e3o ao <a href=\"https:\/\/www.publico.pt\/2020\/10\/13\/politica\/noticia\/europa-nao-perder-oportunidade-liderar-defende-marcelo-1935147\" target=\"_blank\" rel=\"nofollow noopener\">Col\u00e9gio da Europa<\/a>, pelo Servi\u00e7o de Ac\u00e7\u00e3o Externa, de um programa de forma\u00e7\u00e3o de jovens diplomatas vindos de v\u00e1rios pa\u00edses europeus. Os respons\u00e1veis pela institui\u00e7\u00e3o acad\u00e9mica de elite ter\u00e3o tido acesso pr\u00e9vio a informa\u00e7\u00e3o privilegiada que os beneficiou em rela\u00e7\u00e3o a outros candidatos. Assim, entre 2020 e 2021, o Col\u00e9gio da Europa recebeu financiamento europeu para desenvolver a Academia Diplom\u00e1tica Europeia, um curso de nove meses para jovens diplomatas com o objectivo de \u201cconstruir um verdadeiro corpo diplom\u00e1tico europeu\u201d, conforme se l\u00ea na apresenta\u00e7\u00e3o do projecto no site da representa\u00e7\u00e3o portuguesa da <a href=\"https:\/\/portugal.representation.ec.europa.eu\/news\/academia-diplomatica-europeia-servico-europeu-para-acao-externa-lanca-um-projeto-piloto-2022-09-19_pt\" target=\"_blank\" rel=\"nofollow noopener\">Comiss\u00e3o Europeia<\/a>.<\/p>\n<p>A academia, tamb\u00e9m dirigida por Mogherini, foi lan\u00e7ada em 2022 como projecto-piloto, com um or\u00e7amento de quase um milh\u00e3o de euros. No primeiro ano, 2022-2023, participaram 40 pessoas.<\/p>\n<p><a href=\"https:\/\/www.publico.pt\/autor\/federica-mogherini\" target=\"_blank\" rel=\"nofollow noopener\">Federica Mogherini<\/a> \u2014 que assumiu as fun\u00e7\u00f5es de reitora do Col\u00e9gio da Europa, em 2020, entre v\u00e1rias cr\u00edticas pela sua alegada falta de qualifica\u00e7\u00f5es para o cargo \u2014 n\u00e3o reagiu oficialmente. Tamb\u00e9m Stefano Sannino optou por n\u00e3o prestar declara\u00e7\u00f5es, escrevem o <a href=\"https:\/\/www.theguardian.com\/world\/2025\/dec\/03\/former-eu-chief-diplomat-federica-mogherini-accused-corruption-fraud\" target=\"_blank\" rel=\"nofollow noopener\">The Guardian <\/a>e o <a href=\"https:\/\/www.politico.eu\/article\/kaja-kallas-fraud-claims-against-federica-mogherini-deeply-shocking\/\" target=\"_blank\" rel=\"nofollow noopener\">Politico<\/a>. Por enquanto, s\u00f3 o Col\u00e9gio da Europa reagiu oficialmente, comprometendo-se a colaborar com as autoridades com \u201ctranspar\u00eancia e respeito pelo processo de investiga\u00e7\u00e3o\u201d.<\/p>\n<p>A actual alta representante para a Pol\u00edtica Externa e de Seguran\u00e7a da UE, Kaja Kallas, enviou uma mensagem interna aos seus funcion\u00e1rios a que v\u00e1rios meios de comunica\u00e7\u00e3o tiveram acesso. Na missiva, que est\u00e1 a ser interpretada como uma forma de se distanciar do caso, Kallas diz que as alega\u00e7\u00f5es s\u00e3o \u201cextremamente chocantes e que n\u00e3o deviam nunca manchar o bom trabalho que a maioria de voc\u00eas faz todos os dias\u201d. Promete que a integridade e a responsabiliza\u00e7\u00e3o \u201cs\u00f3 v\u00e3o melhorar\u201d sob a sua lideran\u00e7a e que o processo actualmente em curso mostra que \u201ch\u00e1 salvaguardas que existem e funcionam\u201d.<\/p>\n<p>No entanto, o caso continua a ser visto como uma mancha para as institui\u00e7\u00f5es europeias: \u201cN\u00e3o \u00e9 bom para a Europa, porque desvia a aten\u00e7\u00e3o de outras quest\u00f5es\u201d, disse um respons\u00e1vel europeu, sob anonimato, <a href=\"https:\/\/www.politico.eu\/article\/ursula-von-der-leyen-fraud-probe-federica-mogherini-stefano-sannino-european-external-action-service\/\" target=\"_blank\" rel=\"nofollow noopener\">ao Politico<\/a>. \u201cTransmite uma ideia de elitismo, de uma rede informal de favores. Al\u00e9m disso, Mogherini foi uma das [altas representantes da UE] mais bem-sucedidas, o que n\u00e3o \u00e9 bom em termos de diplomacia p\u00fablica.\u201d<\/p>\n","protected":false},"excerpt":{"rendered":"A antiga alta representante para a Pol\u00edtica Externa e de Seguran\u00e7a da Uni\u00e3o Europeia (UE) e actual reitora&hellip;\n","protected":false},"author":2,"featured_media":175412,"comment_status":"","ping_status":"","sticky":false,"template":"","format":"standard","meta":{"footnotes":""},"categories":[50],"tags":[27,28,1834,4469,445,15,16,14,25,26,21,22,62,12,13,19,20,23,24,17,18,29,30,31,636,63,64,65],"class_list":{"0":"post-175411","1":"post","2":"type-post","3":"status-publish","4":"format-standard","5":"has-post-thumbnail","7":"category-mundo","8":"tag-breaking-news","9":"tag-breakingnews","10":"tag-comissao-europeia","11":"tag-corrupcao","12":"tag-europa","13":"tag-featured-news","14":"tag-featurednews","15":"tag-headlines","16":"tag-latest-news","17":"tag-latestnews","18":"tag-main-news","19":"tag-mainnews","20":"tag-mundo","21":"tag-news","22":"tag-noticias","23":"tag-noticias-principais","24":"tag-noticiasprincipais","25":"tag-principais-noticias","26":"tag-principaisnoticias","27":"tag-top-stories","28":"tag-topstories","29":"tag-ultimas","30":"tag-ultimas-noticias","31":"tag-ultimasnoticias","32":"tag-uniao-europeia","33":"tag-world","34":"tag-world-news","35":"tag-worldnews"},"share_on_mastodon":{"url":"https:\/\/pubeurope.com\/@pt\/115661576932649868","error":""},"_links":{"self":[{"href":"https:\/\/www.europesays.com\/pt\/wp-json\/wp\/v2\/posts\/175411","targetHints":{"allow":["GET"]}}],"collection":[{"href":"https:\/\/www.europesays.com\/pt\/wp-json\/wp\/v2\/posts"}],"about":[{"href":"https:\/\/www.europesays.com\/pt\/wp-json\/wp\/v2\/types\/post"}],"author":[{"embeddable":true,"href":"https:\/\/www.europesays.com\/pt\/wp-json\/wp\/v2\/users\/2"}],"replies":[{"embeddable":true,"href":"https:\/\/www.europesays.com\/pt\/wp-json\/wp\/v2\/comments?post=175411"}],"version-history":[{"count":0,"href":"https:\/\/www.europesays.com\/pt\/wp-json\/wp\/v2\/posts\/175411\/revisions"}],"wp:featuredmedia":[{"embeddable":true,"href":"https:\/\/www.europesays.com\/pt\/wp-json\/wp\/v2\/media\/175412"}],"wp:attachment":[{"href":"https:\/\/www.europesays.com\/pt\/wp-json\/wp\/v2\/media?parent=175411"}],"wp:term":[{"taxonomy":"category","embeddable":true,"href":"https:\/\/www.europesays.com\/pt\/wp-json\/wp\/v2\/categories?post=175411"},{"taxonomy":"post_tag","embeddable":true,"href":"https:\/\/www.europesays.com\/pt\/wp-json\/wp\/v2\/tags?post=175411"}],"curies":[{"name":"wp","href":"https:\/\/api.w.org\/{rel}","templated":true}]}}