{"id":175417,"date":"2025-12-04T13:41:09","date_gmt":"2025-12-04T13:41:09","guid":{"rendered":"https:\/\/www.europesays.com\/pt\/175417\/"},"modified":"2025-12-04T13:41:09","modified_gmt":"2025-12-04T13:41:09","slug":"barbara-norton-de-matos-revela-que-esta-na-menopausa-nao-e-giro","status":"publish","type":"post","link":"https:\/\/www.europesays.com\/pt\/175417\/","title":{"rendered":"B\u00e1rbara Norton De Matos &#8211; Revela que est\u00e1 na menopausa: &#8220;N\u00e3o \u00e9 giro&#8221;"},"content":{"rendered":"<p><strong>B\u00e1rbara Norton de Matos<\/strong> revelou no Instagram que est\u00e1 na menopausa e tem sentido os sintomas ao longo dos \u00faltimos tr\u00eas meses. No entanto, a atriz assegurou que est\u00e1 a ser acompanhada.<\/p>\n<p>&#8220;Queria falar convosco, para vos descansar, porque se forem como eu, eu j\u00e1 estava um bocadinho ansiosa em rela\u00e7\u00e3o a esta fase. <strong>Ent\u00e3o o que \u00e9 que estava a acontecer? Ins\u00f3nias, uns calores, muito mais sono durante o dia, era uma pessoa super regulada e agora n\u00e3o estou<\/strong> (\u2026) t\u00eam mesmo mesmo que ser acompanhadas por um m\u00e9dico. \u00c9 preciso fazer reposi\u00e7\u00e3o hormonal, eu vou fazer&#8221;, explicou.<\/p>\n<blockquote>\n<p>Leia mais: <a href=\"https:\/\/www.novagente.pt\/barbara-norton-de-matos-saiba-quem-homem-que-esta-tentar-conquistar-atriz-que-ate-lhe-ofereceu-uma\" rel=\"nofollow noopener\" target=\"_blank\">Saiba quem \u00e9 o homem que est\u00e1 a tentar conquistar a atriz e que lhe at\u00e9 ofereceu uma &#8216;rata&#8217;!<\/a><\/p>\n<\/blockquote>\n<p>Ap\u00f3s esta revela\u00e7\u00e3o, B\u00e1rbara Norton de Matos abriu uma caixa de perguntas e recebeu v\u00e1rias mensagens dos seguidores. <strong>&#8220;J\u00e1 na menopausa?&#8221;<\/strong>, questionou um f\u00e3.<\/p>\n<p>&#8220;<strong>\u00c9 verdade e&#8230;\u00a0n\u00e3o \u00e9 giro. Mas pronto, estava a pensar &#8216;se calhar ainda n\u00e3o \u00e9&#8217;, &#8216;se calhar ainda \u00e9 cedo&#8217;, mas n\u00e3o, n\u00e3o \u00e9 cedo.<\/strong> \u00c9 uma idade normal\u00edssima, aos 46 \u00e9 normal\u00edssimo e estou a tratar o mais r\u00e1pido poss\u00edvel as compensa\u00e7\u00f5es hormonais&#8221;, ressaltou.<\/p>\n<p>Texto: Lu\u00eds Sigorro; Fotos: Impala\/Redes sociais<\/p>\n<p class=\"intagram-text\">Siga a Nova Gente no Instagram<\/p>\n<p>                        <a href=\"https:\/\/www.instagram.com\/revistanovagente\/\" target=\"_blank\" aria-label=\"instagram\" rel=\"noopener nofollow\"><img decoding=\"async\" style=\"display: block; margin-left: auto; margin-right: auto; width: 250px; height: 83px;\" src=\"https:\/\/www.europesays.com\/pt\/wp-content\/uploads\/2025\/11\/Instagram_NG.png\" alt=\"instagram\"\/><\/a><br \/>\n                    <script async src=\"\/\/www.instagram.com\/embed.js\"><\/script><\/p>\n","protected":false},"excerpt":{"rendered":"B\u00e1rbara Norton de Matos revelou no Instagram que est\u00e1 na menopausa e tem sentido os sintomas ao longo&hellip;\n","protected":false},"author":2,"featured_media":175418,"comment_status":"","ping_status":"","sticky":false,"template":"","format":"standard","meta":{"footnotes":""},"categories":[145],"tags":[10538,211,210,114,115,4560,32,33],"class_list":{"0":"post-175417","1":"post","2":"type-post","3":"status-publish","4":"format-standard","5":"has-post-thumbnail","7":"category-celebridades","8":"tag-barbara-norton-de-matos","9":"tag-celebridades","10":"tag-celebrities","11":"tag-entertainment","12":"tag-entretenimento","13":"tag-menopausa","14":"tag-portugal","15":"tag-pt"},"share_on_mastodon":{"url":"https:\/\/pubeurope.com\/@pt\/115661588871698345","error":""},"_links":{"self":[{"href":"https:\/\/www.europesays.com\/pt\/wp-json\/wp\/v2\/posts\/175417","targetHints":{"allow":["GET"]}}],"collection":[{"href":"https:\/\/www.europesays.com\/pt\/wp-json\/wp\/v2\/posts"}],"about":[{"href":"https:\/\/www.europesays.com\/pt\/wp-json\/wp\/v2\/types\/post"}],"author":[{"embeddable":true,"href":"https:\/\/www.europesays.com\/pt\/wp-json\/wp\/v2\/users\/2"}],"replies":[{"embeddable":true,"href":"https:\/\/www.europesays.com\/pt\/wp-json\/wp\/v2\/comments?post=175417"}],"version-history":[{"count":0,"href":"https:\/\/www.europesays.com\/pt\/wp-json\/wp\/v2\/posts\/175417\/revisions"}],"wp:featuredmedia":[{"embeddable":true,"href":"https:\/\/www.europesays.com\/pt\/wp-json\/wp\/v2\/media\/175418"}],"wp:attachment":[{"href":"https:\/\/www.europesays.com\/pt\/wp-json\/wp\/v2\/media?parent=175417"}],"wp:term":[{"taxonomy":"category","embeddable":true,"href":"https:\/\/www.europesays.com\/pt\/wp-json\/wp\/v2\/categories?post=175417"},{"taxonomy":"post_tag","embeddable":true,"href":"https:\/\/www.europesays.com\/pt\/wp-json\/wp\/v2\/tags?post=175417"}],"curies":[{"name":"wp","href":"https:\/\/api.w.org\/{rel}","templated":true}]}}