{"id":175421,"date":"2025-12-04T13:47:10","date_gmt":"2025-12-04T13:47:10","guid":{"rendered":"https:\/\/www.europesays.com\/pt\/175421\/"},"modified":"2025-12-04T13:47:10","modified_gmt":"2025-12-04T13:47:10","slug":"fc-porto-ja-tomou-decisao-em-relacao-ao-futuro-de-gabriel-veron","status":"publish","type":"post","link":"https:\/\/www.europesays.com\/pt\/175421\/","title":{"rendered":"FC Porto j\u00e1 tomou decis\u00e3o em rela\u00e7\u00e3o ao futuro de Gabriel Veron"},"content":{"rendered":"<p>&#8211; Advertisement &#8211;<\/p>\n<p>Gabriel Veron tem guia de marcha do FC Porto no mercado de janeiro. Segundo a ESPN Brasil o avan\u00e7ado de 23 anos <a href=\"https:\/\/bolanarede.pt\/especial-bola-na-rede\/atualidade\/custou-10-milhoes-de-euros-ao-fc-porto-e-continua-sem-convencer-e-esta-lesionado\/\" target=\"_blank\" rel=\"noreferrer noopener nofollow\">vai terminar o empr\u00e9stimo ao Juventude<\/a> e voltar ao clube azul e branco, ainda que seja de forma transit\u00f3ria.<\/p>\n<p>A ideia do FC Porto passa por voltar a emprestar Gabriel Veron, numa altura em que o avan\u00e7ado ainda tem contrato com a equipa at\u00e9 junho de 2027.<\/p>\n<p>Na \u00faltima temporada, Gabriel Veron fez 13 jogos pelo Juventude e n\u00e3o marcou qualquer golo na equipa que desceu de divis\u00e3o no Brasileir\u00e3o.<\/p>\n<blockquote class=\"twitter-tweet\" data-width=\"550\" data-dnt=\"true\">\n<p lang=\"pt\" dir=\"ltr\">Gabriel Veron regressa ao FC Porto em Janeiro mas deve ser novamente emprestado, avan\u00e7a a <a href=\"https:\/\/twitter.com\/ESPNBrasil?ref_src=twsrc%5Etfw\" rel=\"nofollow noopener\" target=\"_blank\">@ESPNBrasil<\/a>.<br \/>O extremo de 23 anos fez 13 jogos sem apontar qualquer golo ou assist\u00eancia pelo Juventude EC.<br \/>O emblema brasileiro foi despromovido \u00e0 Serie B. <a href=\"https:\/\/t.co\/unG2Hdq7RX\" rel=\"nofollow\">pic.twitter.com\/unG2Hdq7RX<\/a><\/p>\n<p>\u2014 Di\u00e1rio de Transfer\u00eancias (@DTransferencias) <a href=\"https:\/\/twitter.com\/DTransferencias\/status\/1996538950224400405?ref_src=twsrc%5Etfw\" rel=\"nofollow noopener\" target=\"_blank\">December 4, 2025<\/a><\/p><\/blockquote>\n<p><script async src=\"https:\/\/platform.twitter.com\/widgets.js\" charset=\"utf-8\"><\/script><\/p>\n","protected":false},"excerpt":{"rendered":"&#8211; Advertisement &#8211; Gabriel Veron tem guia de marcha do FC Porto no mercado de janeiro. Segundo a&hellip;\n","protected":false},"author":2,"featured_media":175422,"comment_status":"","ping_status":"","sticky":false,"template":"","format":"standard","meta":{"footnotes":""},"categories":[87],"tags":[260,1620,135,282,25528,5665,32,479,33,134],"class_list":{"0":"post-175421","1":"post","2":"type-post","3":"status-publish","4":"format-standard","5":"has-post-thumbnail","7":"category-desporto","8":"tag-atualidade","9":"tag-brasileirao","10":"tag-desporto","11":"tag-fc-porto","12":"tag-gabriel-veron","13":"tag-juventude","14":"tag-portugal","15":"tag-primeira-liga","16":"tag-pt","17":"tag-sports"},"share_on_mastodon":{"url":"https:\/\/pubeurope.com\/@pt\/115661612354108131","error":""},"_links":{"self":[{"href":"https:\/\/www.europesays.com\/pt\/wp-json\/wp\/v2\/posts\/175421","targetHints":{"allow":["GET"]}}],"collection":[{"href":"https:\/\/www.europesays.com\/pt\/wp-json\/wp\/v2\/posts"}],"about":[{"href":"https:\/\/www.europesays.com\/pt\/wp-json\/wp\/v2\/types\/post"}],"author":[{"embeddable":true,"href":"https:\/\/www.europesays.com\/pt\/wp-json\/wp\/v2\/users\/2"}],"replies":[{"embeddable":true,"href":"https:\/\/www.europesays.com\/pt\/wp-json\/wp\/v2\/comments?post=175421"}],"version-history":[{"count":0,"href":"https:\/\/www.europesays.com\/pt\/wp-json\/wp\/v2\/posts\/175421\/revisions"}],"wp:featuredmedia":[{"embeddable":true,"href":"https:\/\/www.europesays.com\/pt\/wp-json\/wp\/v2\/media\/175422"}],"wp:attachment":[{"href":"https:\/\/www.europesays.com\/pt\/wp-json\/wp\/v2\/media?parent=175421"}],"wp:term":[{"taxonomy":"category","embeddable":true,"href":"https:\/\/www.europesays.com\/pt\/wp-json\/wp\/v2\/categories?post=175421"},{"taxonomy":"post_tag","embeddable":true,"href":"https:\/\/www.europesays.com\/pt\/wp-json\/wp\/v2\/tags?post=175421"}],"curies":[{"name":"wp","href":"https:\/\/api.w.org\/{rel}","templated":true}]}}