{"id":175423,"date":"2025-12-04T13:48:10","date_gmt":"2025-12-04T13:48:10","guid":{"rendered":"https:\/\/www.europesays.com\/pt\/175423\/"},"modified":"2025-12-04T13:48:10","modified_gmt":"2025-12-04T13:48:10","slug":"cancer-de-prostata-e-doenca-cardiaca-04-12-2025","status":"publish","type":"post","link":"https:\/\/www.europesays.com\/pt\/175423\/","title":{"rendered":"C\u00e2ncer de pr\u00f3stata e doen\u00e7a card\u00edaca &#8211; 04\/12\/2025"},"content":{"rendered":"<p>O c\u00e2ncer de pr\u00f3stata e as DCVs (Doen\u00e7as Cardiovasculares) s\u00e3o duas das principais causas de morbidade e mortalidade em homens, especialmente ap\u00f3s os 50 anos. Embora sejam doen\u00e7as distintas, h\u00e1 importantes intera\u00e7\u00f5es entre elas \u2013 tanto em fatores de risco compartilhados quanto nos efeitos dos tratamentos utilizados para o c\u00e2ncer sobre o cora\u00e7\u00e3o.<\/p>\n<p>Homens que desenvolvem c\u00e2ncer de pr\u00f3stata frequentemente apresentam fatores de risco que tamb\u00e9m favorecem doen\u00e7as cardiovasculares: idade avan\u00e7ada, obesidade e s\u00edndrome metab\u00f3lica, dieta rica em gorduras saturadas, sedentarismo, tabagismo e hist\u00f3rico familiar de ambas as condi\u00e7\u00f5es. Isso significa que o mesmo perfil metab\u00f3lico que aumenta o risco de c\u00e2ncer tamb\u00e9m favorece a aterosclerose, hipertens\u00e3o e arritmias.<\/p>\n<p>Algumas terapias utilizadas no manejo do c\u00e2ncer de pr\u00f3stata podem aumentar o risco cardiovascular. A terapia de priva\u00e7\u00e3o androg\u00eanica reduz os n\u00edveis de testosterona para controlar o tumor, pode causar: aumento da gordura corporal, resist\u00eancia \u00e0 insulina, altera\u00e7\u00f5es do colesterol e inflama\u00e7\u00e3o vascular, e associada a uma maior incid\u00eancia de infarto, AVC (Acidente Vascular Cerebral) e morte cardiovascular. Os agentes hormonais de nova gera\u00e7\u00e3o (como abiraterona e enzalutamida) podem elevar a press\u00e3o arterial, aumentar o risco de arritmias e descompensar doen\u00e7as pr\u00e9-existentes. A radioterapia geralmente \u00e9 segura, mas em tratamentos prolongados ou de alta dose pode causar fibrose em estruturas p\u00e9lvicas e afetar vasos sangu\u00edneos locais.<\/p>\n<p>O crescimento da \u00e1rea de cardio-oncologia reflete exatamente essa interse\u00e7\u00e3o entre c\u00e2ncer e cora\u00e7\u00e3o. Avaliar o risco cardiovascular antes do in\u00edcio do tratamento, monitorar efeitos cardiot\u00f3xicos, controlar agressivamente os fatores de risco, adaptar ou substituir terapias quando necess\u00e1rio. De forma que o acompanhamento conjunto entre o oncologista e cardiologista reduz complica\u00e7\u00f5es e melhora a longevidade dos pacientes. O Ambulat\u00f3rio de Cardio-Oncologia do Centro Universit\u00e1rio FMABC (Faculdade de Medicina do ABC) tem como miss\u00e3o integrar o cuidado cardiovascular ao tratamento oncol\u00f3gico, garantindo seguran\u00e7a, efic\u00e1cia terap\u00eautica e melhor qualidade de vida aos pacientes com c\u00e2ncer.\u00a0<\/p>\n<p>Em um cen\u00e1rio em que a sobrevida oncol\u00f3gica aumenta e as terapias antineopl\u00e1sicas se tornam mais complexas, a atua\u00e7\u00e3o coordenada entre cardiologia e oncologia torna-se indispens\u00e1vel.\u00a0<\/p>\n<p>Antonio Carlos Palandri Chagas \u00e9 m\u00e9dico e professor titular de cardiologia do Centro Universit\u00e1rio FMABC (Faculdade de Medicina do ABC).<\/p>\n","protected":false},"excerpt":{"rendered":"O c\u00e2ncer de pr\u00f3stata e as DCVs (Doen\u00e7as Cardiovasculares) s\u00e3o duas das principais causas de morbidade e mortalidade&hellip;\n","protected":false},"author":2,"featured_media":175424,"comment_status":"","ping_status":"","sticky":false,"template":"","format":"standard","meta":{"footnotes":""},"categories":[86],"tags":[2285,4958,2298,2299,2286,2293,2297,2287,476,1062,2284,116,82,2292,619,1133,13,2300,2288,52,987,32,33,2294,2295,2289,2290,2291,117,2296,1456],"class_list":{"0":"post-175423","1":"post","2":"type-post","3":"status-publish","4":"format-standard","5":"has-post-thumbnail","7":"category-saude","8":"tag-abc","9":"tag-artigo","10":"tag-automoveis","11":"tag-d","12":"tag-dgabc","13":"tag-diadema","14":"tag-diarinho","15":"tag-diario","16":"tag-economia","17":"tag-esportes","18":"tag-grande-abc","19":"tag-health","20":"tag-internacional","21":"tag-maua","22":"tag-nacional","23":"tag-noticia","24":"tag-noticias","25":"tag-noticias-on-line-abc","26":"tag-on-line","27":"tag-politica","28":"tag-portal","29":"tag-portugal","30":"tag-pt","31":"tag-ribeirao-pires","32":"tag-rio-grande-da-serra","33":"tag-santo-andre","34":"tag-sao-bernardo","35":"tag-sao-caetano","36":"tag-saude","37":"tag-setecidades","38":"tag-turismo"},"share_on_mastodon":{"url":"https:\/\/pubeurope.com\/@pt\/115661616222800253","error":""},"_links":{"self":[{"href":"https:\/\/www.europesays.com\/pt\/wp-json\/wp\/v2\/posts\/175423","targetHints":{"allow":["GET"]}}],"collection":[{"href":"https:\/\/www.europesays.com\/pt\/wp-json\/wp\/v2\/posts"}],"about":[{"href":"https:\/\/www.europesays.com\/pt\/wp-json\/wp\/v2\/types\/post"}],"author":[{"embeddable":true,"href":"https:\/\/www.europesays.com\/pt\/wp-json\/wp\/v2\/users\/2"}],"replies":[{"embeddable":true,"href":"https:\/\/www.europesays.com\/pt\/wp-json\/wp\/v2\/comments?post=175423"}],"version-history":[{"count":0,"href":"https:\/\/www.europesays.com\/pt\/wp-json\/wp\/v2\/posts\/175423\/revisions"}],"wp:featuredmedia":[{"embeddable":true,"href":"https:\/\/www.europesays.com\/pt\/wp-json\/wp\/v2\/media\/175424"}],"wp:attachment":[{"href":"https:\/\/www.europesays.com\/pt\/wp-json\/wp\/v2\/media?parent=175423"}],"wp:term":[{"taxonomy":"category","embeddable":true,"href":"https:\/\/www.europesays.com\/pt\/wp-json\/wp\/v2\/categories?post=175423"},{"taxonomy":"post_tag","embeddable":true,"href":"https:\/\/www.europesays.com\/pt\/wp-json\/wp\/v2\/tags?post=175423"}],"curies":[{"name":"wp","href":"https:\/\/api.w.org\/{rel}","templated":true}]}}