{"id":175427,"date":"2025-12-04T13:50:13","date_gmt":"2025-12-04T13:50:13","guid":{"rendered":"https:\/\/www.europesays.com\/pt\/175427\/"},"modified":"2025-12-04T13:50:13","modified_gmt":"2025-12-04T13:50:13","slug":"acidente-em-baikonur-deixa-a-russia-temporariamente-sem-acesso-ao-espaco","status":"publish","type":"post","link":"https:\/\/www.europesays.com\/pt\/175427\/","title":{"rendered":"Acidente em Baikonur deixa a R\u00fassia temporariamente sem acesso ao espa\u00e7o"},"content":{"rendered":"<p>Algumas das maiores rupturas da hist\u00f3ria come\u00e7am de forma silenciosa. Um lan\u00e7amento que parecia rotineiro, acompanhado por t\u00e9cnicos experientes e por protocolos consolidados ao longo de d\u00e9cadas, acabou se transformando em um dos epis\u00f3dios mais delicados j\u00e1 vividos por um programa espacial. O que aconteceu na base de Baikonur pode redefinir, por anos, a presen\u00e7a de um dos pa\u00edses mais tradicionais da corrida espacial na \u00f3rbita da Terra.<\/p>\n<p> <b>Uma miss\u00e3o bem-sucedida\u2026 e uma base gravemente danificada<\/b> <\/p>\n<p>No dia 27 de novembro, a nave Soyuz MS-28 foi lan\u00e7ada rumo \u00e0 <a href=\"https:\/\/www.gizmodo.com.br\/a-crise-silenciosa-da-estacao-espacial-chinesa-como-um-pedaco-de-lixo-espacial-colocou-astronautas-em-risco-e-baguncou-um-plano-que-parecia-perfeito-33956\" rel=\"nofollow noopener\" target=\"_blank\">Esta\u00e7\u00e3o Espacial Internacional<\/a> com dois cosmonautas russos e um astronauta norte-americano a bordo. O voo transcorreu normalmente, e a tripula\u00e7\u00e3o chegou \u00e0 \u00f3rbita sem qualquer intercorr\u00eancia.<\/p>\n<p>O problema surgiu no solo. Ap\u00f3s o lan\u00e7amento, inspe\u00e7\u00f5es no Sitio 31\/6 \u2014 a \u00faltima plataforma russa habilitada para miss\u00f5es tripuladas \u2014 revelaram danos considerados \u201cextensos\u201d e \u201csignificativos\u201d. Informa\u00e7\u00f5es extraoficiais indicam que a estrutura de servi\u00e7o, com dezenas de toneladas, teria sido arrancada pela for\u00e7a do lan\u00e7amento e despencado diretamente na fossa de chamas localizada sob o foguete.<\/p>\n<p>Se confirmado, o impacto \u00e9 direto: a R\u00fassia perdeu, ainda que temporariamente, o \u00fanico ponto operacional que lhe permitia enviar pessoas ao espa\u00e7o.<\/p>\n<p> <b>Um vazio hist\u00f3rico que n\u00e3o se via desde 1961<\/b> <\/p>\n<p>A dimens\u00e3o do ocorrido \u00e9 in\u00e9dita. Desde o voo de Yuri Gagarin, em 1961, o pa\u00eds jamais havia ficado totalmente impossibilitado de realizar lan\u00e7amentos tripulados a partir de seu pr\u00f3prio territ\u00f3rio.<\/p>\n<p>Hoje, mais de seis d\u00e9cadas depois, essa capacidade est\u00e1 suspensa. Especialistas do setor afirmam que, no momento, n\u00e3o existe uma plataforma alternativa plenamente certificada para substituir a estrutura danificada. As bases de Vostochny e Plesetsk n\u00e3o est\u00e3o preparadas para opera\u00e7\u00f5es humanas regulares.<\/p>\n<p>O antigo e simb\u00f3lico Sitio 1\/5 \u2014 de onde partiram os primeiros voos hist\u00f3ricos \u2014 j\u00e1 havia sido desativado anos atr\u00e1s. Ou seja, n\u00e3o h\u00e1 uma \u201creserva t\u00e9cnica\u201d pronta para assumir esse papel.<\/p>\n<p> <img loading=\"lazy\" decoding=\"async\" class=\"size-full wp-image-35989\" src=\"https:\/\/www.europesays.com\/pt\/wp-content\/uploads\/2025\/12\/falha-estrutural2.png\" alt=\"Falha Estrutural2\" width=\"1500\" height=\"1000\"  \/>\u00a9 Roscosmos <b>Sil\u00eancio oficial, incerteza t\u00e9cnica e um rel\u00f3gio contra o tempo<\/b> <\/p>\n<p>A ag\u00eancia espacial russa informou apenas que os reparos ser\u00e3o realizados \u201cno menor prazo poss\u00edvel\u201d. No entanto, n\u00e3o divulgou imagens, cronogramas ou detalhes t\u00e9cnicos sobre a extens\u00e3o real dos danos.<\/p>\n<p>E esse sil\u00eancio \u00e9, para o setor aeroespacial, um sinal preocupante. Dependendo da<a href=\"https:\/\/www.gizmodo.com.br\/a-teoria-chegou-ao-limite-o-universo-nao-cabe-em-nenhum-computador-afirma-nova-prova-matematica-32489\" rel=\"nofollow noopener\" target=\"_blank\"> gravidade estrutural<\/a>, a restaura\u00e7\u00e3o pode levar muitos meses \u2014 ou at\u00e9 anos. A reconstru\u00e7\u00e3o de uma nova plataforma, por sua vez, exigiria investimentos bilion\u00e1rios e longos prazos de execu\u00e7\u00e3o.<\/p>\n<p> <b>Ambi\u00e7\u00f5es futuras amea\u00e7adas por uma falha estrutural<\/b> <\/p>\n<p>O epis\u00f3dio acontece justamente em um momento em que a R\u00fassia busca fortalecer sua autonomia orbital, com planos para uma esta\u00e7\u00e3o pr\u00f3pria, novos sat\u00e9lites e futuras miss\u00f5es tripuladas. Tudo isso, por\u00e9m, depende de algo fundamental: ter de onde decolar.<\/p>\n<p>Durante d\u00e9cadas, o mundo recorreu \u00e0s naves Soyuz como o principal meio de acesso humano ao espa\u00e7o. Agora, pela primeira vez em gera\u00e7\u00f5es, \u00e9 a pr\u00f3pria R\u00fassia que depende do tempo, dos recursos \u2014 e da reconstru\u00e7\u00e3o de um \u00fanico ponto vital para sua presen\u00e7a al\u00e9m da Terra.<\/p>\n","protected":false},"excerpt":{"rendered":"Algumas das maiores rupturas da hist\u00f3ria come\u00e7am de forma silenciosa. Um lan\u00e7amento que parecia rotineiro, acompanhado por t\u00e9cnicos&hellip;\n","protected":false},"author":2,"featured_media":175428,"comment_status":"","ping_status":"","sticky":false,"template":"","format":"standard","meta":{"footnotes":""},"categories":[84],"tags":[109,107,108,32,33,105,103,104,106,110],"class_list":{"0":"post-175427","1":"post","2":"type-post","3":"status-publish","4":"format-standard","5":"has-post-thumbnail","7":"category-ciencia-e-tecnologia","8":"tag-ciencia","9":"tag-ciencia-e-tecnologia","10":"tag-cienciaetecnologia","11":"tag-portugal","12":"tag-pt","13":"tag-science","14":"tag-science-and-technology","15":"tag-scienceandtechnology","16":"tag-technology","17":"tag-tecnologia"},"share_on_mastodon":{"url":"https:\/\/pubeurope.com\/@pt\/115661624333148760","error":""},"_links":{"self":[{"href":"https:\/\/www.europesays.com\/pt\/wp-json\/wp\/v2\/posts\/175427","targetHints":{"allow":["GET"]}}],"collection":[{"href":"https:\/\/www.europesays.com\/pt\/wp-json\/wp\/v2\/posts"}],"about":[{"href":"https:\/\/www.europesays.com\/pt\/wp-json\/wp\/v2\/types\/post"}],"author":[{"embeddable":true,"href":"https:\/\/www.europesays.com\/pt\/wp-json\/wp\/v2\/users\/2"}],"replies":[{"embeddable":true,"href":"https:\/\/www.europesays.com\/pt\/wp-json\/wp\/v2\/comments?post=175427"}],"version-history":[{"count":0,"href":"https:\/\/www.europesays.com\/pt\/wp-json\/wp\/v2\/posts\/175427\/revisions"}],"wp:featuredmedia":[{"embeddable":true,"href":"https:\/\/www.europesays.com\/pt\/wp-json\/wp\/v2\/media\/175428"}],"wp:attachment":[{"href":"https:\/\/www.europesays.com\/pt\/wp-json\/wp\/v2\/media?parent=175427"}],"wp:term":[{"taxonomy":"category","embeddable":true,"href":"https:\/\/www.europesays.com\/pt\/wp-json\/wp\/v2\/categories?post=175427"},{"taxonomy":"post_tag","embeddable":true,"href":"https:\/\/www.europesays.com\/pt\/wp-json\/wp\/v2\/tags?post=175427"}],"curies":[{"name":"wp","href":"https:\/\/api.w.org\/{rel}","templated":true}]}}