{"id":175431,"date":"2025-12-04T13:55:09","date_gmt":"2025-12-04T13:55:09","guid":{"rendered":"https:\/\/www.europesays.com\/pt\/175431\/"},"modified":"2025-12-04T13:55:09","modified_gmt":"2025-12-04T13:55:09","slug":"ucrania-e-desequilibrios-comerciais-dominam-encontro-entre-macron-e-xi-jinping","status":"publish","type":"post","link":"https:\/\/www.europesays.com\/pt\/175431\/","title":{"rendered":"Ucr\u00e2nia e desequil\u00edbrios comerciais dominam encontro entre Macron e Xi Jinping"},"content":{"rendered":"<p>&#13;<br \/>\n&#8220;Temos de continuar a mobilizar-nos em prol da paz e da estabilidade no mundo. E da Ucr\u00e2nia \u00e0s diferentes regi\u00f5es do mundo afetadas pela guerra, a nossa capacidade de trabalhar em conjunto \u00e9 determinante&#8221;, afirmou Macron ap\u00f3s uma reuni\u00e3o restrita com o chefe de Estado chin\u00eas e antes de discuss\u00f5es em formato alargado.&#13;\n<\/p>\n<p>&#13;<br \/>\n&#8220;Sabemos que temos muitos pontos em comum, \u00e0s vezes temos desacordos, mas temos a responsabilidade de saber super\u00e1-los, de encontrar mecanismos de coopera\u00e7\u00e3o e de resolu\u00e7\u00e3o de lit\u00edgios para um multilateralismo eficaz no qual acreditamos&#8221;, acrescentou o l\u00edder franc\u00eas.&#13;\n<\/p>\n<p>&#13;<br \/>\nXi garantiu, pelo seu lado, que a China tenciona cooperar com Fran\u00e7a para &#8220;eliminar qualquer interfer\u00eancia&#8221; e &#8220;tornar a parceria estrat\u00e9gica geral entre China e Fran\u00e7a mais est\u00e1vel&#8221;.&#13;\n<\/p>\n<p>&#13;<br \/>\nMacron apelou tamb\u00e9m ao crescimento dos &#8220;investimentos cruzados&#8221; entre os dois pa\u00edses, para reequilibrar a rela\u00e7\u00e3o comercial, e defendeu a coopera\u00e7\u00e3o no \u00e2mbito do G7 no sentido de uma governan\u00e7a econ\u00f3mica baseada em &#8220;regras&#8221;.&#13;\n<\/p>\n<p>&#13;<br \/>\nO Presidente chin\u00eas, acompanhado pela esposa, Peng Liyuan, recebeu Macron e a esposa, Brigitte, no Pal\u00e1cio do Povo, onde os dois l\u00edderes ouviram os hinos nacionais e passaram em revista as tropas, antes de serem saudados por crian\u00e7as.&#13;\n<\/p>\n<p>&#13;<br \/>\nO chefe de Estado franc\u00eas, que chegou na quarta-feira \u00e0 noite a Pequim, acompanhado por 35 l\u00edderes de grandes grupos empresariais (incluindo Airbus, EDF e Danone) e empresas familiares, do setor de luxo ao agroalimentar, dever\u00e1 assistir \u00e0 assinatura de uma s\u00e9rie de contratos.&#13;\n<\/p>\n<p>&#13;<br \/>\nMacron pretende abordar pr\u00e1ticas comerciais chinesas, que Paris considera desleais, desde o setor autom\u00f3vel ao a\u00e7o.&#13;\n<\/p>\n<p>&#13;<br \/>\nA rela\u00e7\u00e3o entre a China e a Uni\u00e3o Europeia \u00e9 caracterizada por um enorme d\u00e9fice comercial (357,1 mil milh\u00f5es de d\u00f3lares, 306,3 mil milh\u00f5es de euros) em detrimento da UE.&#13;\n<\/p>\n<p>&#13;<br \/>\nParis est\u00e1 tamb\u00e9m empenhada em pressionar a China a que invista mais em Fran\u00e7a, e aceite uma partilha de tecnologias compar\u00e1vel \u00e0 praticada pelos europeus, que contribuiu para o crescimento econ\u00f3mico de Pequim.&#13;\n<\/p>\n<p>&#13;<br \/>\nOutra dos assuntos sens\u00edveis \u00e9 o do acesso a metais raros, cuja produ\u00e7\u00e3o e transforma\u00e7\u00e3o mundiais s\u00e3o dominadas pela China, alavanca que Pequim utilizou em 2025, em plena guerra comercial com os Estados Unidos, abanando as cadeias de abastecimento do planeta.&#13;\n<\/p>\n<p>&#13;<br \/>\nEsta \u00e9 a quarta visita de Estado de Emmanuel Macron \u00e0 China desde que foi eleito Presidente em 2017. Xi Jinping foi recebido em Fran\u00e7a em 2024 e o Eliseu apresenta o tempo que Xi passar\u00e1 com Macron at\u00e9 sexta-feira, incluindo encontros privados, como um sinal da import\u00e2ncia da rela\u00e7\u00e3o sino-francesa.&#13;\n<\/p>\n<p>&#13;<br \/>\n&#8220;Temos uma expectativa constante em rela\u00e7\u00e3o \u00e0 China: \u00c9 que use a sua influ\u00eancia junto da R\u00fassia para lev\u00e1-la a cessar a guerra&#8221; na Ucr\u00e2nia, \u00e0s portas da Uni\u00e3o Europeia, afirma o Eliseu.&#13;\n<\/p>\n<p>&#13;<br \/>\nA China tem reiterado que deseja a paz, mas nunca condenou a invas\u00e3o da Ucr\u00e2nia pela R\u00fassia, em fevereiro de 2022. Parceiro econ\u00f3mico e pol\u00edtico fundamental da R\u00fassia, o gigante asi\u00e1tico \u00e9 o maior comprador mundial de combust\u00edveis f\u00f3sseis russos, incluindo produtos petrol\u00edferos, alimentando assim a m\u00e1quina de guerra. Os europeus acusam ainda Pequim de fornecer componentes militares a Moscovo.&#13;\n<\/p>\n<p>&#13;<br \/>\nDurante a anterior viagem a Pequim, em 2023, Macron apelou a Xi para que &#8220;chamasse a R\u00fassia \u00e0 raz\u00e3o&#8221;.&#13;\n<\/p>\n<p>&#13;<br \/>\nO Presidente chin\u00eas reservou um tratamento privilegiado ao hom\u00f3logo russo, Vladimir Putin, em setembro, convidando-o, juntamente com o l\u00edder norte-coreano, Kim Jong-un, a estar presente no desfile militar comemorativo dos 80 anos do fim da Segunda Guerra Mundial.&#13;\n<\/p>\n<p>&#13;<br \/>\nTal como em Fran\u00e7a em 2024, os dois casais presidenciais reunir-se-\u00e3o na sexta-feira num ambiente mais informal em Chengdu, na prov\u00edncia de Sichuan (sudoeste), ber\u00e7o dos pandas gigantes que se tornaram embaixadores da China em todo o mundo.&#13;<\/p>\n","protected":false},"excerpt":{"rendered":"&#13; &#8220;Temos de continuar a mobilizar-nos em prol da paz e da estabilidade no mundo. E da Ucr\u00e2nia&hellip;\n","protected":false},"author":2,"featured_media":175432,"comment_status":"","ping_status":"","sticky":false,"template":"","format":"standard","meta":{"footnotes":""},"categories":[50],"tags":[36429,27,28,15,16,14,25,26,533,21,22,62,12,13,19,20,3422,23,24,32744,17,18,29,30,31,63,64,65],"class_list":{"0":"post-175431","1":"post","2":"type-post","3":"status-publish","4":"format-standard","5":"has-post-thumbnail","7":"category-mundo","8":"tag-airbus-edf","9":"tag-breaking-news","10":"tag-breakingnews","11":"tag-featured-news","12":"tag-featurednews","13":"tag-headlines","14":"tag-latest-news","15":"tag-latestnews","16":"tag-macron","17":"tag-main-news","18":"tag-mainnews","19":"tag-mundo","20":"tag-news","21":"tag-noticias","22":"tag-noticias-principais","23":"tag-noticiasprincipais","24":"tag-pequim","25":"tag-principais-noticias","26":"tag-principaisnoticias","27":"tag-sichuan","28":"tag-top-stories","29":"tag-topstories","30":"tag-ultimas","31":"tag-ultimas-noticias","32":"tag-ultimasnoticias","33":"tag-world","34":"tag-world-news","35":"tag-worldnews"},"share_on_mastodon":{"url":"https:\/\/pubeurope.com\/@pt\/115661644191037027","error":""},"_links":{"self":[{"href":"https:\/\/www.europesays.com\/pt\/wp-json\/wp\/v2\/posts\/175431","targetHints":{"allow":["GET"]}}],"collection":[{"href":"https:\/\/www.europesays.com\/pt\/wp-json\/wp\/v2\/posts"}],"about":[{"href":"https:\/\/www.europesays.com\/pt\/wp-json\/wp\/v2\/types\/post"}],"author":[{"embeddable":true,"href":"https:\/\/www.europesays.com\/pt\/wp-json\/wp\/v2\/users\/2"}],"replies":[{"embeddable":true,"href":"https:\/\/www.europesays.com\/pt\/wp-json\/wp\/v2\/comments?post=175431"}],"version-history":[{"count":0,"href":"https:\/\/www.europesays.com\/pt\/wp-json\/wp\/v2\/posts\/175431\/revisions"}],"wp:featuredmedia":[{"embeddable":true,"href":"https:\/\/www.europesays.com\/pt\/wp-json\/wp\/v2\/media\/175432"}],"wp:attachment":[{"href":"https:\/\/www.europesays.com\/pt\/wp-json\/wp\/v2\/media?parent=175431"}],"wp:term":[{"taxonomy":"category","embeddable":true,"href":"https:\/\/www.europesays.com\/pt\/wp-json\/wp\/v2\/categories?post=175431"},{"taxonomy":"post_tag","embeddable":true,"href":"https:\/\/www.europesays.com\/pt\/wp-json\/wp\/v2\/tags?post=175431"}],"curies":[{"name":"wp","href":"https:\/\/api.w.org\/{rel}","templated":true}]}}