{"id":175450,"date":"2025-12-04T14:10:06","date_gmt":"2025-12-04T14:10:06","guid":{"rendered":"https:\/\/www.europesays.com\/pt\/175450\/"},"modified":"2025-12-04T14:10:06","modified_gmt":"2025-12-04T14:10:06","slug":"venezuela-denuncia-venda-forcada-da-petrolifera-citgo-por-tribunal-norte-americano","status":"publish","type":"post","link":"https:\/\/www.europesays.com\/pt\/175450\/","title":{"rendered":"Venezuela denuncia \u201cvenda for\u00e7ada\u201d da petrol\u00edfera Citgo por tribunal norte-americano"},"content":{"rendered":"\n<p class=\"p_0\">A Venezuela criticou hoje a autoriza\u00e7\u00e3o, por um tribunal norte-americano, da venda da petrol\u00edfera Citgo, subsidi\u00e1ria norte-americana da gigante petrol\u00edfera estatal venezuelana PDVSA, num processo de venda em leil\u00e3o em benef\u00edcio dos seus credores.<\/p>\n<p class=\"p_1\">A Citgo, controlada pela oposi\u00e7\u00e3o venezuelana (que nomeou a sua administra\u00e7\u00e3o) desde 2019 e em virtude das san\u00e7\u00f5es dos EUA contra Caracas, acumulou quase 20 mil milh\u00f5es de d\u00f3lares (17,2 mil milh\u00f5es de euros) em d\u00edvidas.<\/p>\n<p class=\"p_2\">O juiz Leonard Stark, do Delaware, autorizou a venda da petrol\u00edfera na semana passada a uma subsidi\u00e1ria da Elliott Investment Management, ap\u00f3s a confirma\u00e7\u00e3o da proposta num leil\u00e3o ordenado pelo tribunal.<\/p>\n<p class=\"p_3\">Numa declara\u00e7\u00e3o lida na televis\u00e3o, a vice-presidente venezuelana, Delcy Rodr\u00edguez, \u201crejeitou veementemente a decis\u00e3o adotada no processo judicial de \u2018venda for\u00e7ada\u2019 da Citgo\u201d.<\/p>\n<p class=\"p_4\">O Gabinete de Controlo de Ativos Estrangeiros (OFAC) do Departamento do Tesouro dos EUA tem ainda de aprovar a transa\u00e7\u00e3o, noticiou a ag\u00eancia France-Presse (AFP).<\/p>\n<p class=\"p_5\">Rodr\u00edguez acusou a oposi\u00e7\u00e3o venezuelana, liderada por Mar\u00eda Corina Machado, vencedora do Pr\u00e9mio Nobel da Paz de 2025, de ser a respons\u00e1vel pela venda.<\/p>\n<p class=\"p_6\">O an\u00fancio surge no mesmo dia em que o Presidente dos EUA convocou o seu Conselho de Seguran\u00e7a Nacional para discutir a Venezuela, depois de nas \u00faltimas semanas ter enviado navios de guerra e for\u00e7as militares para o mar das Cara\u00edbas, sustentando a decis\u00e3o para executar a\u00e7\u00f5es de combate ao narcotr\u00e1fico.<\/p>\n<p class=\"p_7\">Desde o in\u00edcio da campanha de bombardeamentos contra embarca\u00e7\u00f5es no mar das Cara\u00edbas e no oceano Pac\u00edfico, em setembro, realizaram-se \u201cno total, 21 ataques contra barcos com drogas, o que resultou na morte de 82 narcoterroristas\u201d, confirmou hoje a porta-voz do Pent\u00e1gono, Kingsley Wilson, afirmando que \u201ccada ataque contra essas organiza\u00e7\u00f5es \u00e9 realizado em defesa da seguran\u00e7a vital dos Estados Unidos\u201d.<\/p>\n<p class=\"p_8\">Os Estados Unidos tamb\u00e9m indicaram hoje ter um plano de conting\u00eancia caso o Presidente da Venezuela fuja do pa\u00eds.<\/p>\n<p class=\"p_9\">Caracas afirma que o objetivo de Washington \u00e9 derrubar o Presidente venezuelano, Nicol\u00e1s Maduro, e assumir o controlo do petr\u00f3leo do pa\u00eds.<\/p>\n","protected":false},"excerpt":{"rendered":"A Venezuela criticou hoje a autoriza\u00e7\u00e3o, por um tribunal norte-americano, da venda da petrol\u00edfera Citgo, subsidi\u00e1ria norte-americana da&hellip;\n","protected":false},"author":2,"featured_media":175451,"comment_status":"","ping_status":"","sticky":false,"template":"","format":"standard","meta":{"footnotes":""},"categories":[83],"tags":[88,89,90,11135,32,33],"class_list":{"0":"post-175450","1":"post","2":"type-post","3":"status-publish","4":"format-standard","5":"has-post-thumbnail","7":"category-empresas","8":"tag-business","9":"tag-economy","10":"tag-empresas","11":"tag-lusa","12":"tag-portugal","13":"tag-pt"},"share_on_mastodon":{"url":"","error":""},"_links":{"self":[{"href":"https:\/\/www.europesays.com\/pt\/wp-json\/wp\/v2\/posts\/175450","targetHints":{"allow":["GET"]}}],"collection":[{"href":"https:\/\/www.europesays.com\/pt\/wp-json\/wp\/v2\/posts"}],"about":[{"href":"https:\/\/www.europesays.com\/pt\/wp-json\/wp\/v2\/types\/post"}],"author":[{"embeddable":true,"href":"https:\/\/www.europesays.com\/pt\/wp-json\/wp\/v2\/users\/2"}],"replies":[{"embeddable":true,"href":"https:\/\/www.europesays.com\/pt\/wp-json\/wp\/v2\/comments?post=175450"}],"version-history":[{"count":0,"href":"https:\/\/www.europesays.com\/pt\/wp-json\/wp\/v2\/posts\/175450\/revisions"}],"wp:featuredmedia":[{"embeddable":true,"href":"https:\/\/www.europesays.com\/pt\/wp-json\/wp\/v2\/media\/175451"}],"wp:attachment":[{"href":"https:\/\/www.europesays.com\/pt\/wp-json\/wp\/v2\/media?parent=175450"}],"wp:term":[{"taxonomy":"category","embeddable":true,"href":"https:\/\/www.europesays.com\/pt\/wp-json\/wp\/v2\/categories?post=175450"},{"taxonomy":"post_tag","embeddable":true,"href":"https:\/\/www.europesays.com\/pt\/wp-json\/wp\/v2\/tags?post=175450"}],"curies":[{"name":"wp","href":"https:\/\/api.w.org\/{rel}","templated":true}]}}