{"id":175514,"date":"2025-12-04T15:12:13","date_gmt":"2025-12-04T15:12:13","guid":{"rendered":"https:\/\/www.europesays.com\/pt\/175514\/"},"modified":"2025-12-04T15:12:13","modified_gmt":"2025-12-04T15:12:13","slug":"eternidade-estreia-nos-cinemas-de-sao-paulo-04-12-2025-cinema","status":"publish","type":"post","link":"https:\/\/www.europesays.com\/pt\/175514\/","title":{"rendered":"&#8216;Eternidade&#8217; estreia nos cinemas de S\u00e3o Paulo &#8211; 04\/12\/2025 &#8211; Cinema"},"content":{"rendered":"<p>  S\u00e3o Paulo<\/p>\n<p>      Nove filmes estreiam nos cinemas de S\u00e3o Paulo nesta semana. Entre os destaques est\u00e1 <a href=\"https:\/\/guia.folha.uol.com.br\/cinema\/2025\/10\/vencedor-da-palma-de-ouro-jafar-panahi-critica-ira-autoritario.shtml\" rel=\"nofollow noopener\" target=\"\">&#8220;Foi Apenas um Acidente&#8221;<\/a>, <a href=\"https:\/\/www1.folha.uol.com.br\/ilustrada\/2025\/05\/jafar-panhi-vence-a-palma-de-ouro-em-cannes-por-it-was-just-an-accident.shtml\" rel=\"nofollow noopener\" target=\"\">vencedor da Palma de Ouro 2025<\/a>, &#8220;Eterninade&#8221;, romance com <a href=\"https:\/\/www1.folha.uol.com.br\/ilustrada\/2022\/06\/como-elizabeth-olsen-passou-de-queridinha-indie-a-protagonista-da-marvel.shtml\" rel=\"nofollow noopener\" target=\"\">Elizabeth Olsen<\/a>, <a href=\"https:\/\/www1.folha.uol.com.br\/ilustrada\/2022\/05\/no-novo-top-gun-miles-teller-diz-que-nao-tinha-o-corpo-ideal-para-o-filme.shtml\" rel=\"nofollow noopener\" target=\"\">Miles Teller<\/a> e <a href=\"https:\/\/f5.folha.uol.com.br\/celebridades\/2024\/12\/quem-e-callum-turner-ator-de-harry-potter-que-ficou-noivo-de-dua-lipa.shtml\" rel=\"nofollow noopener\" target=\"\">Callum Turner<\/a>, e &#8220;Five Nights At Freddy&#8217;s 2&#8221;, <a href=\"https:\/\/www1.folha.uol.com.br\/ilustrada\/2023\/10\/five-nights-at-freddys-garante-duas-horas-de-tedio-no-cinema.shtml\" rel=\"nofollow noopener\" target=\"\">continua\u00e7\u00e3o do longa <\/a>baseado no jogo eletr\u00f4nico de terror.\n    <\/p>\n<p>    <img decoding=\"async\" src=\"https:\/\/www.europesays.com\/pt\/wp-content\/uploads\/2025\/12\/17647966446930a8e46b17e_1764796644_3x2_md.jpg\" alt=\"\"  loading=\"lazy\" class=\"c-image\"\/><\/p>\n<p>    Elizabeth Olsen (esq.), Miles Teller e Callum Turner em cena do filme &#8216;Eternidade&#8217;<\/p>\n<p>          &#8211;<br \/>\n          Divulga\u00e7\u00e3o<\/p>\n<p>Al\u00e9m disso, acontece na <a href=\"https:\/\/guia.folha.uol.com.br\/cinema\/2025\/03\/cinesesc-e-cinemateca-sao-escolhidos-como-melhores-cineclubes-de-sao-paulo.shtml\" rel=\"nofollow noopener\" target=\"\">Cinemateca Brasileira<\/a> a mostra Anos 60 \u2013 A Era de Ouro do Cinema Coreano, com oito longas que abordam a realidade social sul-coreana no p\u00f3s-Guerra da Coreia.<\/p>\n<p>Veja a agenda de <a href=\"https:\/\/www1.folha.uol.com.br\/folha-topicos\/cinema\/\" rel=\"nofollow noopener\" target=\"\">cinema <\/a>de <a href=\"https:\/\/www1.folha.uol.com.br\/folha-topicos\/sao-paulo\/\" rel=\"nofollow noopener\" target=\"\">S\u00e3o Paulo<\/a>.<\/p>\n<p><b>3 Atos de Mois\u00e9s<\/b><br \/>&#13;<br \/>\nBrasil, 2019. Dir.: Eduardo Boccaletti. 73 min. Livre.<br \/>&#13;<br \/>\nO document\u00e1rio acompanha o m\u00fasico mineiro Mois\u00e9s Mattos. Superando pobreza, racismo e homofobia, o pianista alcan\u00e7ou renome internacional. Ap\u00f3s anos na Europa, ele voltou a Juiz de Fora, onde se apresenta pela primeira vez na frente dos pais.<\/p>\n<p><b>Cyclone<\/b><br \/>&#13;<br \/>\nBrasil, 2025. Dir.: Flavia Castro. Com: Lu\u00edza Mariani, Eduardo Moscovis e Karine Teles. 100 min. 16 anos.<br \/>&#13;<br \/>\nEm S\u00e3o Paulo de 1919, Daise \u00e9 uma jovem oper\u00e1ria que divide sua rotina entre o trabalho e a paix\u00e3o pela dramaturgia. Quando conquista uma prestigiada bolsa de estudos de teatro em Paris, ela percebe que a realiza\u00e7\u00e3o de seu sonho \u00e9 amea\u00e7ada pela dura realidade de um mundo onde as mulheres n\u00e3o possuem autonomia sobre o pr\u00f3prio corpo.<\/p>\n<p>Receba no seu email um guia com a programa\u00e7\u00e3o cultural da capital paulista<\/p>\n<p><b>D.P.A. 4 &#8211; O Fant\u00e1stico Reino de Ondion<\/b><br \/>&#13;<br \/>\nBrasil, 2025. Dir.: Mauro Lima. Com: Emilly Puppim, St\u00e9fano Agostini e Samuel Minervino. 109 min. Livre.<br \/>&#13;<br \/>\nNo filme infantil, Mel e Zeca embarcam em uma miss\u00e3o para resgatar Max, que foi levado pelo vil\u00e3o Juks ao reino m\u00e1gico de Ondion. Mas para salv\u00e1-lo, a dupla precisa atravessar uma floresta encantada e cheia de duentes.<\/p>\n<p><b>Eternidade<\/b><br \/>&#13;<br \/>\nEternity. EUA, 2025. Dir.: David Freyne. Com: Elizabeth Olsen, Miles Teller e Callum Turner. 112 min. 12 anos.<br \/>&#13;<br \/>\nAp\u00f3s morrer, cada alma tem uma semana para escolher o seu destino eterno. No entanto, Joan (Elizabeth Olsen) enfrenta um dilema: hesita entre passar a eternidade ao lado do homem com quem viveu, Larry (Miles Teller), ou com o seu primeiro amor, Luke (Callum Turner), que morreu quando era muito jovem.<\/p>\n<p><b>Five Nights At Freddy\u2019s 2<\/b><br \/>&#13;<br \/>\nFive Nights at Freddy\u2019s 2. EUA, 2025. Dir.: Emma Tammi. Com: Josh Hutcherson, Elizabeth Lail e Matthew Lillard. 104 min. 14 anos.<br \/>&#13;<br \/>\nUm ano depois do que aconteceu na pizzaria Freddy Fazbear\u2019s, a hist\u00f3ria virou uma lenda local e inspirou o primeiro Fazfest, festival criado na cidade. Mike (Josh Hutcherson), ex-seguran\u00e7a do local, esconde da irm\u00e3 Abby a verdade sobre o que viveu ali. Mas,quando a menina foge para tentar reencontrar os antigos animatr\u00f4nicos Freddy, Bonnie, Chica e Foxy, uma nova sequ\u00eancia de acontecimentos sombrios come\u00e7a.<\/p>\n<p><b>Foi Apenas um Acidente<\/b><br \/>&#13;<br \/>\nYek Tasadef Sadeh. Ir\u00e3\/Fran\u00e7a\/Luxemburgo, 2025. Dir.: Jafar Panahi. Com: Vahid Mobasseri, Mariam Afshari e Ebrahim Azizi. 102 min. 12 anos.<br \/>&#13;<br \/>\nO longa acompanha um grupo de ex-prisioneiros pol\u00edticos do Ir\u00e3. Um deles \u00e9 o mec\u00e2nico Vahid, que sequestra um homem que acredita ser o seu torturador na pris\u00e3o. Determinado a buscar vingan\u00e7a, ele tem apenas uma pista para confirmar a identidade do algoz: o som distintivo de sua perna prot\u00e9tica. Vahid, ent\u00e3o, procura a ajuda de um grupo de outras v\u00edtimas libertas para ter certeza do que fazer. O longa ganhou Palma de Ouro 2025.<\/p>\n<p><b>Soldado de Chumbo<\/b><br \/>&#13;<br \/>\nTin Soldier. EUA\/Reino Unido, 2025. Dir.: Brad Furman. <a href=\"https:\/\/www1.folha.uol.com.br\/folha-topicos\/jamie-foxx\/\" rel=\"nofollow noopener\" target=\"_blank\">Jamie Foxx<\/a>, <a href=\"https:\/\/www1.folha.uol.com.br\/folha-topicos\/robert-de-niro\/\" rel=\"nofollow noopener\" target=\"_blank\">Robert De Niro<\/a> e Scott Eastwood. 86 min. 18 anos.<br \/>&#13;<br \/>\nO ex-agente Nash Cavanaugh (Scott Eastwood) \u00e9 recrutado pelo governo para uma miss\u00e3o que o obriga a confrontar o seu passado. A miss\u00e3o \u00e9 lidar com Bokushi (Jamie Foxx), o l\u00edder de um culto. Ao lado de Emmanuel Ashburn (Robert De Niro), Nash retorna \u00e0 fortaleza do alvo, iniciando uma busca por vingan\u00e7a.<\/p>\n<p><b>Twinless &#8211; Um G\u00eameo a Menos<\/b><br \/>&#13;<br \/>\nTwinless. EUA, 2025. Dir.: James Sweeney. Com: Dylan O\u2019Brien, James Sweeney e Lauren Graham. 100 min. Sem classifica\u00e7\u00e3o indicativa.<br \/>&#13;<br \/>\nAp\u00f3s a morte do seu g\u00eameo em um acidente, Roman (Dylan O\u2019Brien) \u00e9 consumido pelo luto. Seu caminho o leva a um grupo de apoio para aqueles que perderam irma\u00f5s. L\u00e1 ele cruza com Dennis (James Sweeney), um jovem gay sarc\u00e1stico. Deste encontro surge uma amizade complexa e inesperada.<\/p>\n<p>    <img decoding=\"async\" src=\"https:\/\/www.europesays.com\/pt\/wp-content\/uploads\/2025\/12\/1762368774690b9d063d94b_1762368774_3x2_md.jpg\" alt=\"Dois homens est\u00e3o deitados em camas separadas em um quarto de hotel com ilumina\u00e7\u00e3o amarelada. Entre as camas h\u00e1 uma mesa de cabeceira com um abajur de parede, um telefone e um balde de gelo. As paredes t\u00eam papel de parede claro e h\u00e1 almofadas marrons nas camas.\"  loading=\"lazy\" class=\"c-image\"\/><\/p>\n<p>    Cena do filme &#8220;Twinless &#8211; Um G\u00eameo a Menos&#8221;, exibido no 33\u00ba Festival MixBrasil<\/p>\n<p>          &#8211;<br \/>\n          Divulga\u00e7\u00e3o<\/p>\n<p><b>Rebbeca: Becky G<\/b><br \/>&#13;<br \/>\nRebbeca: Becky G. EUA, 2025. Dir.: Jennifer Tiexiera e Gabriela Cavanagh. 110 min. Sem classifica\u00e7\u00e3o indicat\u00edva.<br \/>&#13;<br \/>\nO document\u00e1rio aborda a hist\u00f3ria de Becky G, cantora e compositora de m\u00fasicas como &#8220;Shower&#8221;, &#8220;Mamiii&#8221; e &#8220;Mayores&#8221;. Em seu projeto mais \u00edntimo at\u00e9 agora, o \u00e1lbum de estreia &#8220;M\u00fasica Mexicana&#8221;, Becky G faz uma imers\u00e3o profunda em suas origens. O filme acompanha a jornada de sua fam\u00edlia, enquanto ela revive mem\u00f3rias preciosas e momentos que a definiram.<\/p>\n<p>Eventos<\/p>\n<p><b>Mostra Anos 60 \u2013 A Era de Ouro do Cinema Coreano<\/b><br \/>&#13;<br \/>\nA mostra apresenta oito filmes que abordam a realidade social sul-coreana ap\u00f3s a Guerra da Coreira. Integram a programa\u00e7\u00e3o longas como \u2018Fuzileiros Que Nunca Retornaram\u2019, sobre uma divis\u00e3o da marinha que sobrevive ao avan\u00e7o do ex\u00e9rcito chin\u00eas, mas acaba isolado, sem comunica\u00e7\u00e3o. Outra op\u00e7\u00e3o \u00e9 \u2018Uma Assassina Sedenta de Sangue\u2019, na qual uma m\u00e3e assassina a nora, cujo espirito busca vingan\u00e7a e volta na forma de um gato.<br \/>&#13;<br \/>\nCinemateca Brasileira \u2013 lgo. Senador Raul Cardoso, 207, Vila Mariana, regi\u00e3o sul. De 5 a 14 de dezembro. Gr\u00e1tis, com retirada de ingressos uma hora antes da sess\u00e3o<\/p>\n","protected":false},"excerpt":{"rendered":"S\u00e3o Paulo Nove filmes estreiam nos cinemas de S\u00e3o Paulo nesta semana. Entre os destaques est\u00e1 &#8220;Foi Apenas&hellip;\n","protected":false},"author":2,"featured_media":175515,"comment_status":"","ping_status":"","sticky":false,"template":"","format":"standard","meta":{"footnotes":""},"categories":[140],"tags":[207,1244,36436,11420,470,36437,36438,36439,3092,23934,114,115,147,148,19162,761,32732,23992,146,32,33,21395,600],"class_list":{"0":"post-175514","1":"post","2":"type-post","3":"status-publish","4":"format-standard","5":"has-post-thumbnail","7":"category-filmes","8":"tag-arte","9":"tag-ator","10":"tag-becky-g","11":"tag-callum-turner","12":"tag-cinema","13":"tag-cinema-coreano","14":"tag-cinema-internacional","15":"tag-cinemateca-brasileira","16":"tag-coreia-do-sul","17":"tag-elizabeth-olsen","18":"tag-entertainment","19":"tag-entretenimento","20":"tag-film","21":"tag-filmes","22":"tag-guerra-da-coreia","23":"tag-guia-folha","24":"tag-jafar-panahi","25":"tag-jamie-foxx","26":"tag-movies","27":"tag-portugal","28":"tag-pt","29":"tag-robert-de-niro","30":"tag-veja-video"},"share_on_mastodon":{"url":"https:\/\/pubeurope.com\/@pt\/115661946772174308","error":""},"_links":{"self":[{"href":"https:\/\/www.europesays.com\/pt\/wp-json\/wp\/v2\/posts\/175514","targetHints":{"allow":["GET"]}}],"collection":[{"href":"https:\/\/www.europesays.com\/pt\/wp-json\/wp\/v2\/posts"}],"about":[{"href":"https:\/\/www.europesays.com\/pt\/wp-json\/wp\/v2\/types\/post"}],"author":[{"embeddable":true,"href":"https:\/\/www.europesays.com\/pt\/wp-json\/wp\/v2\/users\/2"}],"replies":[{"embeddable":true,"href":"https:\/\/www.europesays.com\/pt\/wp-json\/wp\/v2\/comments?post=175514"}],"version-history":[{"count":0,"href":"https:\/\/www.europesays.com\/pt\/wp-json\/wp\/v2\/posts\/175514\/revisions"}],"wp:featuredmedia":[{"embeddable":true,"href":"https:\/\/www.europesays.com\/pt\/wp-json\/wp\/v2\/media\/175515"}],"wp:attachment":[{"href":"https:\/\/www.europesays.com\/pt\/wp-json\/wp\/v2\/media?parent=175514"}],"wp:term":[{"taxonomy":"category","embeddable":true,"href":"https:\/\/www.europesays.com\/pt\/wp-json\/wp\/v2\/categories?post=175514"},{"taxonomy":"post_tag","embeddable":true,"href":"https:\/\/www.europesays.com\/pt\/wp-json\/wp\/v2\/tags?post=175514"}],"curies":[{"name":"wp","href":"https:\/\/api.w.org\/{rel}","templated":true}]}}