{"id":175516,"date":"2025-12-04T15:13:15","date_gmt":"2025-12-04T15:13:15","guid":{"rendered":"https:\/\/www.europesays.com\/pt\/175516\/"},"modified":"2025-12-04T15:13:15","modified_gmt":"2025-12-04T15:13:15","slug":"luuk-de-jong-sofre-lesao-grave-e-volta-a-parar","status":"publish","type":"post","link":"https:\/\/www.europesays.com\/pt\/175516\/","title":{"rendered":"Luuk de Jong sofre les\u00e3o grave e volta a parar"},"content":{"rendered":"<p data-remotead-prev-elm=\"true\" data-remotead-elm-id=\"inread\">Na sequ\u00eancia da les\u00e3o contra\u00edda no contra o Estoril Praia (1-0), o F. C. Porto emitiu esta quinta-feira uma nota oficial para esclarecer que Luuk de Jong sofreu &#8220;uma les\u00e3o parcial no ligamento cruzado anterior do joelho esquerdo&#8221;. \u00c9 a segunda les\u00e3o do internacional neerland\u00eas que antes esteve afastado dos relvados por causa de uma entorse com les\u00e3o ligamentar.<\/p>\n<p>O F. C. Porto informou ainda que o jogador est\u00e1 entregue aos cuidados do Departamento de Sa\u00fade, mas n\u00e3o esclarece sobre o tempo de paragem.<\/p>\n","protected":false},"excerpt":{"rendered":"Na sequ\u00eancia da les\u00e3o contra\u00edda no contra o Estoril Praia (1-0), o F. C. Porto emitiu esta quinta-feira&hellip;\n","protected":false},"author":2,"featured_media":175517,"comment_status":"","ping_status":"","sticky":false,"template":"","format":"standard","meta":{"footnotes":""},"categories":[87],"tags":[135,20558,5819,32,33,134],"class_list":{"0":"post-175516","1":"post","2":"type-post","3":"status-publish","4":"format-standard","5":"has-post-thumbnail","7":"category-desporto","8":"tag-desporto","9":"tag-f-c-porto","10":"tag-luuk-de-jong","11":"tag-portugal","12":"tag-pt","13":"tag-sports"},"share_on_mastodon":{"url":"https:\/\/pubeurope.com\/@pt\/115661950441488386","error":""},"_links":{"self":[{"href":"https:\/\/www.europesays.com\/pt\/wp-json\/wp\/v2\/posts\/175516","targetHints":{"allow":["GET"]}}],"collection":[{"href":"https:\/\/www.europesays.com\/pt\/wp-json\/wp\/v2\/posts"}],"about":[{"href":"https:\/\/www.europesays.com\/pt\/wp-json\/wp\/v2\/types\/post"}],"author":[{"embeddable":true,"href":"https:\/\/www.europesays.com\/pt\/wp-json\/wp\/v2\/users\/2"}],"replies":[{"embeddable":true,"href":"https:\/\/www.europesays.com\/pt\/wp-json\/wp\/v2\/comments?post=175516"}],"version-history":[{"count":0,"href":"https:\/\/www.europesays.com\/pt\/wp-json\/wp\/v2\/posts\/175516\/revisions"}],"wp:featuredmedia":[{"embeddable":true,"href":"https:\/\/www.europesays.com\/pt\/wp-json\/wp\/v2\/media\/175517"}],"wp:attachment":[{"href":"https:\/\/www.europesays.com\/pt\/wp-json\/wp\/v2\/media?parent=175516"}],"wp:term":[{"taxonomy":"category","embeddable":true,"href":"https:\/\/www.europesays.com\/pt\/wp-json\/wp\/v2\/categories?post=175516"},{"taxonomy":"post_tag","embeddable":true,"href":"https:\/\/www.europesays.com\/pt\/wp-json\/wp\/v2\/tags?post=175516"}],"curies":[{"name":"wp","href":"https:\/\/api.w.org\/{rel}","templated":true}]}}