{"id":175520,"date":"2025-12-04T15:16:17","date_gmt":"2025-12-04T15:16:17","guid":{"rendered":"https:\/\/www.europesays.com\/pt\/175520\/"},"modified":"2025-12-04T15:16:17","modified_gmt":"2025-12-04T15:16:17","slug":"telescopio-revela-galaxia-semelhante-a-via-lactea-formada-ha-12-bilhoes-de-anos","status":"publish","type":"post","link":"https:\/\/www.europesays.com\/pt\/175520\/","title":{"rendered":"Telesc\u00f3pio revela gal\u00e1xia semelhante \u00e0 Via L\u00e1ctea formada h\u00e1 12 bilh\u00f5es de anos"},"content":{"rendered":"<p>Astr\u00f4nomos da \u00cdndia identificaram uma gal\u00e1xia espiral de grande porte formada quando o universo tinha apenas 1,5 bilh\u00e3o de anos \u2014 cerca de 10% de sua idade atual. O objeto, batizado de Alaknanda, est\u00e1 a aproximadamente 12 bilh\u00f5es de anos-luz da Terra e apresenta estrutura semelhante \u00e0 da Via L\u00e1ctea, o que contraria modelos atuais que apontam que, naquele per\u00edodo, as gal\u00e1xias eram pequenas, irregulares e ca\u00f3ticas.<\/p>\n<p>A descoberta foi feita pela pesquisadora Rashi Jain, doutoranda do Centro Nacional de Astrof\u00edsica por R\u00e1dio do Instituto Tata de Pesquisa Fundamental, em Pune, a partir da an\u00e1lise de dados do Telesc\u00f3pio Espacial James Webb. O estudo foi publicado na revista cient\u00edfica Astronomy and Astrophysics, uma das principais da Europa.<\/p>\n<p>Segundo os pesquisadores, a Alaknanda possui aproximadamente 30 mil anos-luz de di\u00e2metro \u2014 cerca de um ter\u00e7o do tamanho da Via L\u00e1ctea \u2014 e abriga cerca de 10 bilh\u00f5es de estrelas.<\/p>\n<p class=\"py-2\">Continua depois da publicidade<\/p>\n<p>Al\u00e9m disso, a taxa de forma\u00e7\u00e3o de novas estrelas \u00e9 de 20 a 30 vezes maior do que a registrada atualmente em nossa gal\u00e1xia, um ritmo considerado extremamente acelerado para os padr\u00f5es c\u00f3smicos.<\/p>\n<p>A estrutura observada tamb\u00e9m surpreendeu os cientistas. A gal\u00e1xia exibe dois bra\u00e7os espirais sim\u00e9tricos partindo de um disco central, al\u00e9m do padr\u00e3o conhecido como \u201ccontas em um colar\u201d, formado por aglomerados de estrelas ao longo dos bra\u00e7os. <\/p>\n<p>Desde o in\u00edcio das opera\u00e7\u00f5es do James Webb, em 2021, astr\u00f4nomos t\u00eam identificado gal\u00e1xias cada vez mais antigas e complexas. Para os pesquisadores, a exist\u00eancia de uma gal\u00e1xia t\u00e3o massiva e organizada t\u00e3o cedo na hist\u00f3ria do universo desafia os modelos tradicionais de evolu\u00e7\u00e3o c\u00f3smica.<\/p>\n<p>A equipe agora busca novas observa\u00e7\u00f5es com o pr\u00f3prio Webb e com o observat\u00f3rio ALMA, no Chile, para entender como a Alaknanda conseguiu desenvolver sua estrutura espiral em t\u00e3o pouco tempo ap\u00f3s o Big Bang \u2014 uma investiga\u00e7\u00e3o que pode ajudar a reescrever cap\u00edtulos fundamentais sobre a origem das gal\u00e1xias.<\/p>\n","protected":false},"excerpt":{"rendered":"Astr\u00f4nomos da \u00cdndia identificaram uma gal\u00e1xia espiral de grande porte formada quando o universo tinha apenas 1,5 bilh\u00e3o&hellip;\n","protected":false},"author":2,"featured_media":175521,"comment_status":"","ping_status":"","sticky":false,"template":"","format":"standard","meta":{"footnotes":""},"categories":[84],"tags":[443,109,107,108,319,32,33,105,103,104,106,110],"class_list":{"0":"post-175520","1":"post","2":"type-post","3":"status-publish","4":"format-standard","5":"has-post-thumbnail","7":"category-ciencia-e-tecnologia","8":"tag-astronomia","9":"tag-ciencia","10":"tag-ciencia-e-tecnologia","11":"tag-cienciaetecnologia","12":"tag-hard-news","13":"tag-portugal","14":"tag-pt","15":"tag-science","16":"tag-science-and-technology","17":"tag-scienceandtechnology","18":"tag-technology","19":"tag-tecnologia"},"share_on_mastodon":{"url":"https:\/\/pubeurope.com\/@pt\/115661962624523472","error":""},"_links":{"self":[{"href":"https:\/\/www.europesays.com\/pt\/wp-json\/wp\/v2\/posts\/175520","targetHints":{"allow":["GET"]}}],"collection":[{"href":"https:\/\/www.europesays.com\/pt\/wp-json\/wp\/v2\/posts"}],"about":[{"href":"https:\/\/www.europesays.com\/pt\/wp-json\/wp\/v2\/types\/post"}],"author":[{"embeddable":true,"href":"https:\/\/www.europesays.com\/pt\/wp-json\/wp\/v2\/users\/2"}],"replies":[{"embeddable":true,"href":"https:\/\/www.europesays.com\/pt\/wp-json\/wp\/v2\/comments?post=175520"}],"version-history":[{"count":0,"href":"https:\/\/www.europesays.com\/pt\/wp-json\/wp\/v2\/posts\/175520\/revisions"}],"wp:featuredmedia":[{"embeddable":true,"href":"https:\/\/www.europesays.com\/pt\/wp-json\/wp\/v2\/media\/175521"}],"wp:attachment":[{"href":"https:\/\/www.europesays.com\/pt\/wp-json\/wp\/v2\/media?parent=175520"}],"wp:term":[{"taxonomy":"category","embeddable":true,"href":"https:\/\/www.europesays.com\/pt\/wp-json\/wp\/v2\/categories?post=175520"},{"taxonomy":"post_tag","embeddable":true,"href":"https:\/\/www.europesays.com\/pt\/wp-json\/wp\/v2\/tags?post=175520"}],"curies":[{"name":"wp","href":"https:\/\/api.w.org\/{rel}","templated":true}]}}