{"id":175522,"date":"2025-12-04T15:17:22","date_gmt":"2025-12-04T15:17:22","guid":{"rendered":"https:\/\/www.europesays.com\/pt\/175522\/"},"modified":"2025-12-04T15:17:22","modified_gmt":"2025-12-04T15:17:22","slug":"6-formas-de-aumentar-a-autonomia-e-proteger-a-bateria-do-seu-eletrico-no-inverno","status":"publish","type":"post","link":"https:\/\/www.europesays.com\/pt\/175522\/","title":{"rendered":"6 formas de aumentar a autonomia e proteger a bateria do seu el\u00e9trico no inverno"},"content":{"rendered":"<p class=\"wp-caption-text top\"><a href=\"https:\/\/depositphotos.com\/photo\/electric-car-in-charging-station-53053311.html\" rel=\"nofollow noopener noreferrer\" data-wpel-link=\"exclude\" target=\"_blank\">kasto \/ Depositphotos<\/a><\/p>\n<p><img decoding=\"async\" loading=\"lazy\" class=\"wp-image-681817 size-kopa-image-size-3\" src=\"https:\/\/www.europesays.com\/pt\/wp-content\/uploads\/2025\/12\/0cacff9e02866d8ec727c1fb499783ff-783x450.jpg\" alt=\"\" width=\"700\" height=\"402\"  \/><\/p>\n<p><strong>Desde a forma como conduz \u00e0 press\u00e3o dos pneus, h\u00e1 v\u00e1rias dicas menos \u00f3bvias que ajudam a melhorar a efici\u00eancia dos el\u00e9tricos nos meses frios.<\/strong><\/p>\n<p>Com a chegada do inverno, os donos de carros el\u00e9tricos das regi\u00f5es frias preparam-se para a redu\u00e7\u00e3o sazonal da autonomia. As baixas temperaturas podem diminuir significativamente a efici\u00eancia da bateria, em grande parte devido \u00e0 composi\u00e7\u00e3o qu\u00edmica das baterias de i\u00f5es de l\u00edtio, que <strong>abranda em condi\u00e7\u00f5es de frio.<\/strong><\/p>\n<p>Os analistas do setor autom\u00f3vel sublinham que a perda de autonomia no inverno n\u00e3o significa necessariamente um ve\u00edculo com defeito, mas sim um <strong>desafio sazonal previs\u00edvel<\/strong> que pode ser combatido e gerido com as estrat\u00e9gias certas.<\/p>\n<p>Pr\u00e9-condicionar a bateria<\/p>\n<p>Um dos m\u00e9todos mais eficazes \u00e9 deixar o carro numa garagem, de forma a poder fazer um <strong>pr\u00e9-condicionamento <\/strong>que aquece o habit\u00e1culo e a bateria enquanto o ve\u00edculo ainda est\u00e1 ligado \u00e0 tomada. Desta forma, a energia \u00e9 retirada da rede el\u00e9trica em vez da bateria, garantindo que o ve\u00edculo inicia cada viagem \u00e0 temperatura ideal. Muitos ve\u00edculos el\u00e9tricos podem atingir a carga completa em 20 a 30 minutos, e recomenda-se que os condutores que se aproximam de um posto de carregamento r\u00e1pido iniciem o pr\u00e9-aquecimento da bateria<strong> cerca de 32 quil\u00f3metros antes<\/strong> da chegada para obter velocidades de carregamento mais r\u00e1pidas.<\/p>\n<p>Ter um volante e bancos aquecidos<\/p>\n<p>A gest\u00e3o de energia dentro da cabine tamb\u00e9m desempenha um papel fundamental. Aquecer um ve\u00edculo inteiro requer muito mais energia do que <strong>utilizar bancos ou volante aquecidos<\/strong>, que consomem apenas uma fra\u00e7\u00e3o dessa energia. Os condutores podem manter o conforto e reduzir o consumo da bateria simplesmente diminuindo a temperatura do habit\u00e1culo em alguns graus e utilizando o aquecimento direcionado, refere o <a href=\"https:\/\/interestingengineering.com\/transportation\/7-ways-to-boost-your-ev-range\" data-wpel-link=\"external\" target=\"_blank\" rel=\"nofollow external noopener noreferrer\" class=\"ext-link\">Interesting Engineering<\/a>.<\/p>\n<p>Aten\u00e7\u00e3o \u00e0 press\u00e3o dos pneus<\/p>\n<p>O ar frio tamb\u00e9m reduz a press\u00e3o dos pneus, aumentando a resist\u00eancia ao rolamento e diminuindo a efici\u00eancia. Uma ligeira baixa press\u00e3o pode <strong>reduzir a autonomia em cerca de 4%<\/strong>, tornando as verifica\u00e7\u00f5es regulares da press\u00e3o dos pneus essenciais no inverno. Os pneus de inverno podem melhorar ainda mais a tra\u00e7\u00e3o e a seguran\u00e7a na neve e no gelo, embora possam apresentar uma pequena perda de efici\u00eancia.<\/p>\n<p>Conduzir de forma suave<\/p>\n<p>O comportamento de condu\u00e7\u00e3o \u00e9 igualmente importante. A utiliza\u00e7\u00e3o do modo Eco ajuda a limitar a pot\u00eancia e a suavizar a acelera\u00e7\u00e3o, melhorando a efici\u00eancia e a seguran\u00e7a em estradas escorregadias. A travagem regenerativa e a acelera\u00e7\u00e3o gradual tamb\u00e9m podem <strong>recuperar a energia perdida<\/strong> e reduzir o consumo.<\/p>\n<p>Planear as rotas e paragens para a carga<\/p>\n<p>Para viagens longas no inverno, as ferramentas de planeamento de rotas s\u00e3o indispens\u00e1veis. Podem <strong>estimar o consumo de energia<\/strong> com base na temperatura, no terreno e nas condi\u00e7\u00f5es da estrada, al\u00e9m de sugerirem paragens para recarga, que s\u00e3o essenciais em climas frios, quando o carregamento \u00e9 mais demorado. Recomenda-se que os condutores planeiem op\u00e7\u00f5es de carregamento alternativas caso a primeira escolha esteja ocupada ou indispon\u00edvel.<\/p>\n<p>Usar uma bomba de calor<\/p>\n<p>Por fim, compreender a tecnologia das bombas de calor \u00e9 fundamental para os compradores de ve\u00edculos el\u00e9tricos em climas mais frios. As bombas de calor, utilizadas em modelos como o Tesla Model X e o Audi e-tron, podem <a href=\"https:\/\/zap.aeiou.pt\/peca-aumenta-alcance-eletricos-10-655060\" data-wpel-link=\"internal\" rel=\"nofollow noopener\" target=\"_blank\">aumentar a autonomia no inverno at\u00e9 10%<\/a>, aquecendo o habit\u00e1culo de forma mais eficiente do que os sistemas resistivos tradicionais.<\/p>\n<p>    <a href=\"https:\/\/zap.aeiou.pt\/subscrever-newsletter\" data-wpel-link=\"internal\" rel=\"nofollow noopener\" target=\"_blank\">&#13;<br \/>\n        <img loading=\"lazy\" decoding=\"async\" class=\"aligncenter size-full wp-image-575475\" src=\"https:\/\/www.europesays.com\/pt\/wp-content\/uploads\/2025\/11\/2d51fe4a0ba54894421ead1809309ed9-1-450x140.jpg\" alt=\"Subscreva a Newsletter ZAP\" width=\"450\" height=\"140\"\/>&#13;<br \/>\n    <\/a><\/p>\n<p>                <a href=\"https:\/\/whatsapp.com\/channel\/0029VaIC4EE2f3EJZPPSbR34\" data-wpel-link=\"external\" target=\"_blank\" rel=\"nofollow external noopener noreferrer\" class=\"ext-link\">&#13;<br \/>\n                    <img loading=\"lazy\" decoding=\"async\" class=\"aligncenter size-full wp-image-575475\" src=\"https:\/\/www.europesays.com\/pt\/wp-content\/uploads\/2025\/11\/c68c559d956d4ca20f435ed74a6e71e6.png\" alt=\"Siga-nos no WhatsApp\" width=\"175\" height=\"64\"\/>&#13;<br \/>\n                <\/a><\/p>\n<p>                <a href=\"https:\/\/news.google.com\/publications\/CAAiEHRwZondIV71PDjWNoqMduEqFAgKIhB0cGaJ3SFe9Tw41jaKjHbh?hl=en-US&amp;gl=US&amp;ceid=US%3Aen\" data-wpel-link=\"external\" target=\"_blank\" rel=\"nofollow external noopener noreferrer\" class=\"ext-link\">&#13;<br \/>\n                    <img loading=\"lazy\" decoding=\"async\" class=\"aligncenter size-full wp-image-575475\" src=\"https:\/\/www.europesays.com\/pt\/wp-content\/uploads\/2025\/11\/5123dd8b087b644fdb8f8603acd1bad4.png\" alt=\"Siga-nos no Google News\" width=\"176\" height=\"64\"\/>&#13;<br \/>\n                <\/a><\/p>\n","protected":false},"excerpt":{"rendered":"kasto \/ Depositphotos Desde a forma como conduz \u00e0 press\u00e3o dos pneus, h\u00e1 v\u00e1rias dicas menos \u00f3bvias que&hellip;\n","protected":false},"author":2,"featured_media":175523,"comment_status":"","ping_status":"","sticky":false,"template":"","format":"standard","meta":{"footnotes":""},"categories":[83],"tags":[2702,88,89,3982,90,32,33],"class_list":{"0":"post-175522","1":"post","2":"type-post","3":"status-publish","4":"format-standard","5":"has-post-thumbnail","7":"category-empresas","8":"tag-auto","9":"tag-business","10":"tag-economy","11":"tag-eletrico","12":"tag-empresas","13":"tag-portugal","14":"tag-pt"},"share_on_mastodon":{"url":"https:\/\/pubeurope.com\/@pt\/115661966851314549","error":""},"_links":{"self":[{"href":"https:\/\/www.europesays.com\/pt\/wp-json\/wp\/v2\/posts\/175522","targetHints":{"allow":["GET"]}}],"collection":[{"href":"https:\/\/www.europesays.com\/pt\/wp-json\/wp\/v2\/posts"}],"about":[{"href":"https:\/\/www.europesays.com\/pt\/wp-json\/wp\/v2\/types\/post"}],"author":[{"embeddable":true,"href":"https:\/\/www.europesays.com\/pt\/wp-json\/wp\/v2\/users\/2"}],"replies":[{"embeddable":true,"href":"https:\/\/www.europesays.com\/pt\/wp-json\/wp\/v2\/comments?post=175522"}],"version-history":[{"count":0,"href":"https:\/\/www.europesays.com\/pt\/wp-json\/wp\/v2\/posts\/175522\/revisions"}],"wp:featuredmedia":[{"embeddable":true,"href":"https:\/\/www.europesays.com\/pt\/wp-json\/wp\/v2\/media\/175523"}],"wp:attachment":[{"href":"https:\/\/www.europesays.com\/pt\/wp-json\/wp\/v2\/media?parent=175522"}],"wp:term":[{"taxonomy":"category","embeddable":true,"href":"https:\/\/www.europesays.com\/pt\/wp-json\/wp\/v2\/categories?post=175522"},{"taxonomy":"post_tag","embeddable":true,"href":"https:\/\/www.europesays.com\/pt\/wp-json\/wp\/v2\/tags?post=175522"}],"curies":[{"name":"wp","href":"https:\/\/api.w.org\/{rel}","templated":true}]}}