{"id":175524,"date":"2025-12-04T15:18:13","date_gmt":"2025-12-04T15:18:13","guid":{"rendered":"https:\/\/www.europesays.com\/pt\/175524\/"},"modified":"2025-12-04T15:18:13","modified_gmt":"2025-12-04T15:18:13","slug":"o-la-nina-estara-a-chegar-e-o-oposto-do-el-nino","status":"publish","type":"post","link":"https:\/\/www.europesays.com\/pt\/175524\/","title":{"rendered":"O La Ni\u00f1a estar\u00e1 a chegar. \u00c9 o oposto do El Ni\u00f1o"},"content":{"rendered":"<p class=\"wp-caption-text top\"><a href=\"https:\/\/pixabay.com\/photos\/bridge-winter-snow-pathway-9302956\/\" rel=\"nofollow external noopener noreferrer\" data-wpel-link=\"external\" target=\"_blank\" class=\"ext-link\">Thomas G. \/ Pixabay<\/a><\/p>\n<p><img decoding=\"async\" loading=\"lazy\" class=\"size-kopa-image-size-3 wp-image-715110\" src=\"https:\/\/www.europesays.com\/pt\/wp-content\/uploads\/2025\/12\/d282b51bc5080b66877d57a1018ad4ea-783x450.jpg\" alt=\"\" width=\"700\" height=\"402\"  \/><\/p>\n<p><strong>Fen\u00f3meno associado a temperaturas globais mais baixas poder\u00e1 manifestar-se entre dezembro e fevereiro. Muitas regi\u00f5es ainda mais quentes.<\/strong><\/p>\n<p>O fen\u00f3meno <strong>La Ni\u00f1a,<\/strong> associado a temperaturas globais mais baixas, poder\u00e1 manifestar-se <strong>entre dezembro e fevereiro<\/strong>, mas muitas regi\u00f5es ainda dever\u00e3o registar temperaturas elevadas, segundo a Organiza\u00e7\u00e3o Meteorol\u00f3gica Mundial (OMM).<\/p>\n<p class=\"text-paragraph\">De acordo com a \u00faltima atualiza\u00e7\u00e3o da ag\u00eancia da Organiza\u00e7\u00e3o das Na\u00e7\u00f5es Unidas (ONU), \u201ch\u00e1 <strong>55% de hip\u00f3teses<\/strong> de que um evento como o La Ni\u00f1a influencie os padr\u00f5es clim\u00e1ticos e meteorol\u00f3gicos nos pr\u00f3ximos tr\u00eas meses\u201d.<\/p>\n<p class=\"text-paragraph\">Mas, embora La Ni\u00f1a tenha um efeito de arrefecimento,<strong> \u201cmuitas regi\u00f5es ainda dever\u00e3o registar temperaturas acima da m\u00e9dia\u201d<\/strong>, afirmou a OMM, baseando a sua avalia\u00e7\u00e3o nas observa\u00e7\u00f5es mais recentes dos seus centros globais de previs\u00e3o sazonal, referentes a meados de novembro.<\/p>\n<p class=\"text-paragraph\">No entanto, a OMM especifica que, para os per\u00edodos de janeiro a mar\u00e7o e de fevereiro a abril de 2026, a probabilidade de regresso a condi\u00e7\u00f5es neutras \u201caumenta gradualmente de 65% para <strong>75%\u201d.<\/strong><\/p>\n<p class=\"text-paragraph\">O fen\u00f3meno La Ni\u00f1a est\u00e1 associado ao <strong>arrefecimento peri\u00f3dico e em larga escala das temperaturas da superf\u00edcie no Pac\u00edfico<\/strong> equatorial central e oriental, relacionado com <strong>varia\u00e7\u00f5es na circula\u00e7\u00e3o atmosf\u00e9rica tropical<\/strong>, incluindo <strong>mudan\u00e7as nos ventos, press\u00e3o e padr\u00f5es de precipita\u00e7\u00e3o<\/strong>, segundo a OMM.<\/p>\n<p class=\"text-paragraph\">Geralmente, o <strong>La Ni\u00f1a produz efeitos clim\u00e1ticos opostos aos do El Ni\u00f1o<\/strong>, particularmente em regi\u00f5es tropicais. O risco de um evento El Ni\u00f1o nos pr\u00f3ximos meses \u00e9 considerado \u201cbaixo\u201d pela OMM.<\/p>\n<p class=\"text-paragraph\">\u201cOs Servi\u00e7os Meteorol\u00f3gicos e Hidrol\u00f3gicos Nacionais (SMHN) v\u00e3o monitorizar de perto a situa\u00e7\u00e3o nos pr\u00f3ximos meses\u201d, acrescentou a organiza\u00e7\u00e3o.<\/p>\n<p class=\"text-paragraph\">Os fen\u00f3menos clim\u00e1ticos naturais em larga escala, como La Ni\u00f1a e El Ni\u00f1o, fazem parte, segundo a OMM, do contexto mais amplo das mudan\u00e7as clim\u00e1ticas induzidas pelo homem, que est\u00e3o a levar a aumentos de longo prazo nas temperaturas globais, eventos clim\u00e1ticos e meteorol\u00f3gicos mais frequentes e intensos e interrup\u00e7\u00f5es nos padr\u00f5es sazonais de chuva e temperatura.<\/p>\n<p>    <a href=\"https:\/\/zap.aeiou.pt\/subscrever-newsletter\" data-wpel-link=\"internal\" rel=\"nofollow noopener\" target=\"_blank\">&#13;<br \/>\n        <img loading=\"lazy\" decoding=\"async\" class=\"aligncenter size-full wp-image-575475\" src=\"https:\/\/www.europesays.com\/pt\/wp-content\/uploads\/2025\/11\/2d51fe4a0ba54894421ead1809309ed9-1-450x140.jpg\" alt=\"Subscreva a Newsletter ZAP\" width=\"450\" height=\"140\"\/>&#13;<br \/>\n    <\/a><\/p>\n<p>                <a href=\"https:\/\/whatsapp.com\/channel\/0029VaIC4EE2f3EJZPPSbR34\" data-wpel-link=\"external\" target=\"_blank\" rel=\"nofollow external noopener noreferrer\" class=\"ext-link\">&#13;<br \/>\n                    <img loading=\"lazy\" decoding=\"async\" class=\"aligncenter size-full wp-image-575475\" src=\"https:\/\/www.europesays.com\/pt\/wp-content\/uploads\/2025\/11\/c68c559d956d4ca20f435ed74a6e71e6.png\" alt=\"Siga-nos no WhatsApp\" width=\"175\" height=\"64\"\/>&#13;<br \/>\n                <\/a><\/p>\n<p>                <a href=\"https:\/\/news.google.com\/publications\/CAAiEHRwZondIV71PDjWNoqMduEqFAgKIhB0cGaJ3SFe9Tw41jaKjHbh?hl=en-US&amp;gl=US&amp;ceid=US%3Aen\" data-wpel-link=\"external\" target=\"_blank\" rel=\"nofollow external noopener noreferrer\" class=\"ext-link\">&#13;<br \/>\n                    <img loading=\"lazy\" decoding=\"async\" class=\"aligncenter size-full wp-image-575475\" src=\"https:\/\/www.europesays.com\/pt\/wp-content\/uploads\/2025\/11\/5123dd8b087b644fdb8f8603acd1bad4.png\" alt=\"Siga-nos no Google News\" width=\"176\" height=\"64\"\/>&#13;<br \/>\n                <\/a><\/p>\n","protected":false},"excerpt":{"rendered":"Thomas G. \/ Pixabay Fen\u00f3meno associado a temperaturas globais mais baixas poder\u00e1 manifestar-se entre dezembro e fevereiro. Muitas&hellip;\n","protected":false},"author":2,"featured_media":175525,"comment_status":"","ping_status":"","sticky":false,"template":"","format":"standard","meta":{"footnotes":""},"categories":[50],"tags":[964,27,28,15,16,14,25,26,21,22,606,62,12,13,19,20,23,24,17,18,29,30,31,63,64,65],"class_list":{"0":"post-175524","1":"post","2":"type-post","3":"status-publish","4":"format-standard","5":"has-post-thumbnail","7":"category-mundo","8":"tag-ambiente","9":"tag-breaking-news","10":"tag-breakingnews","11":"tag-featured-news","12":"tag-featurednews","13":"tag-headlines","14":"tag-latest-news","15":"tag-latestnews","16":"tag-main-news","17":"tag-mainnews","18":"tag-meteorologia","19":"tag-mundo","20":"tag-news","21":"tag-noticias","22":"tag-noticias-principais","23":"tag-noticiasprincipais","24":"tag-principais-noticias","25":"tag-principaisnoticias","26":"tag-top-stories","27":"tag-topstories","28":"tag-ultimas","29":"tag-ultimas-noticias","30":"tag-ultimasnoticias","31":"tag-world","32":"tag-world-news","33":"tag-worldnews"},"share_on_mastodon":{"url":"https:\/\/pubeurope.com\/@pt\/115661970436744713","error":""},"_links":{"self":[{"href":"https:\/\/www.europesays.com\/pt\/wp-json\/wp\/v2\/posts\/175524","targetHints":{"allow":["GET"]}}],"collection":[{"href":"https:\/\/www.europesays.com\/pt\/wp-json\/wp\/v2\/posts"}],"about":[{"href":"https:\/\/www.europesays.com\/pt\/wp-json\/wp\/v2\/types\/post"}],"author":[{"embeddable":true,"href":"https:\/\/www.europesays.com\/pt\/wp-json\/wp\/v2\/users\/2"}],"replies":[{"embeddable":true,"href":"https:\/\/www.europesays.com\/pt\/wp-json\/wp\/v2\/comments?post=175524"}],"version-history":[{"count":0,"href":"https:\/\/www.europesays.com\/pt\/wp-json\/wp\/v2\/posts\/175524\/revisions"}],"wp:featuredmedia":[{"embeddable":true,"href":"https:\/\/www.europesays.com\/pt\/wp-json\/wp\/v2\/media\/175525"}],"wp:attachment":[{"href":"https:\/\/www.europesays.com\/pt\/wp-json\/wp\/v2\/media?parent=175524"}],"wp:term":[{"taxonomy":"category","embeddable":true,"href":"https:\/\/www.europesays.com\/pt\/wp-json\/wp\/v2\/categories?post=175524"},{"taxonomy":"post_tag","embeddable":true,"href":"https:\/\/www.europesays.com\/pt\/wp-json\/wp\/v2\/tags?post=175524"}],"curies":[{"name":"wp","href":"https:\/\/api.w.org\/{rel}","templated":true}]}}