{"id":175539,"date":"2025-12-04T15:35:18","date_gmt":"2025-12-04T15:35:18","guid":{"rendered":"https:\/\/www.europesays.com\/pt\/175539\/"},"modified":"2025-12-04T15:35:18","modified_gmt":"2025-12-04T15:35:18","slug":"cabo-entalado-levou-a-morte-de-cao-no-parque-das-nacoes-observador","status":"publish","type":"post","link":"https:\/\/www.europesays.com\/pt\/175539\/","title":{"rendered":"cabo entalado levou a morte de c\u00e3o no Parque das Na\u00e7\u00f5es \u2013 Observador"},"content":{"rendered":"<p>Um cabo entalado na bainha de a\u00e7o, que transmitiu tens\u00e3o ao solo, foi a causa da morte por eletrocuss\u00e3o de um c\u00e3o no Parque das Na\u00e7\u00f5es, indica o relat\u00f3rio da PSP sobre o incidente, citado pelo <a href=\"https:\/\/www.dn.pt\/sociedade\/luminrias-letais-eletricistas-da-e-redes-e-cml-apontam-cabo-entalado-como-causa-provvel-diz-relatrio-da-psp\" rel=\"nofollow noopener\" target=\"_blank\">Di\u00e1rio de Not\u00edcias<\/a>.<\/p>\n<p>A falha de posicionamento do cabo, junto a um poste de ilumina\u00e7\u00e3o, originou uma fuga de corrente ativa com carga suficiente para causar a morte do animal, que passava no local, segundo os dois eletricistas que acorreram ao local (um da distribuidora E-Redes e outro da C\u00e2mara Municipal de Lisboa).<\/p>\n<p>\u201cCompareceram no local o senhor X, eletricista da C\u00e2mara Municipal de Lisboa, e o senhor Y, oficial eletricista da E-Redes, tendo os mesmos prestado a informa\u00e7\u00e3o t\u00e9cnica a esta Pol\u00edcia de que o <strong>cabo se encontrava entalado na bainha de a\u00e7o e que o mesmo se encontrava a fazer tens\u00e3o \u00e0 terra<\/strong>, estando no momento o poste com fuga de corrente ativa com tens\u00e3o suficiente para provocar a alegada letalidade do animal\u201d, l\u00ea-se no relat\u00f3rio da PSP.<\/p>\n<blockquote class=\"wp-embedded-content\" data-secret=\"6wYHWDoLjm\">\n<p><a href=\"https:\/\/observador.pt\/2025\/11\/27\/cabo-rasgado-esta-indicado-como-causa-da-morte-de-dois-caes-por-eletrocussao-em-odivelas\/\" rel=\"nofollow noopener\" target=\"_blank\">Cabo rasgado est\u00e1 indicado como causa da morte de dois c\u00e3es por eletrocuss\u00e3o em Odivelas<\/a><\/p>\n<\/blockquote>\n<p>As conclus\u00f5es da PSP v\u00e3o ao encontro do que j\u00e1 tinha sido avan\u00e7ado pelos Sapadores Bombeiros, que conclu\u00edrem que, \u201cestava a sair algum vapor de dentro do poste\u201d, tendo a equipa da E-Redes verificado no local que a \u201cterra estava a mostrar valores de 117 volts, pelo que se concluiu que existia corrente el\u00e9trica no ch\u00e3o, possivelmente por um cabo em m\u00e1s condi\u00e7\u00f5es no subsolo\u201d. Depois do incidente, ocorrido a 15 de novembro, a zona foi interditada.<\/p>\n<p>No entanto, a E-Redes n\u00e3o assume responsabilidade no incidente, sublinhando que \u201cap\u00f3s investiga\u00e7\u00f5es no terreno e per\u00edcias efetuadas\u201d, n\u00e3o foram identificadas falhas na rede.<\/p>\n<p>Este n\u00e3o foi o \u00fanico caso de morte de c\u00e3es por eletrocuss\u00e3o na zona de Lisboa. No dia anterior, a 14 de novembro, outros dois c\u00e3es morreram, tamb\u00e9m junto a um poste de ilumina\u00e7\u00e3o p\u00fablica em Odivelas, alegadamente tamb\u00e9m na sequ\u00eancia de uma descarga el\u00e9trica.<\/p>\n<p>Neste caso, a E-Redes assumiu a responsabilidade, esclarecendo, no final de novembro, \u201cque existia um cabo subterr\u00e2neo com o isolamento rasgado no local\u201d.<\/p>\n","protected":false},"excerpt":{"rendered":"Um cabo entalado na bainha de a\u00e7o, que transmitiu tens\u00e3o ao solo, foi a causa da morte por&hellip;\n","protected":false},"author":2,"featured_media":175540,"comment_status":"","ping_status":"","sticky":false,"template":"","format":"standard","meta":{"footnotes":""},"categories":[10],"tags":[964,1353,27,28,442,22961,15,16,14,25,26,797,21,22,1009,12,13,19,20,36442,57,2003,32,23,24,1306,33,2004,58,17,18,29,30,31],"class_list":{"0":"post-175539","1":"post","2":"type-post","3":"status-publish","4":"format-standard","5":"has-post-thumbnail","7":"category-portugal","8":"tag-ambiente","9":"tag-animais","10":"tag-breaking-news","11":"tag-breakingnews","12":"tag-ciu00eancia","13":"tag-cu00e3o","14":"tag-featured-news","15":"tag-featurednews","16":"tag-headlines","17":"tag-latest-news","18":"tag-latestnews","19":"tag-lisboa","20":"tag-main-news","21":"tag-mainnews","22":"tag-natureza","23":"tag-news","24":"tag-noticias","25":"tag-noticias-principais","26":"tag-noticiasprincipais","27":"tag-parque-das-nau00e7u00f5es","28":"tag-pau00eds","29":"tag-polu00edcia","30":"tag-portugal","31":"tag-principais-noticias","32":"tag-principaisnoticias","33":"tag-psp","34":"tag-pt","35":"tag-seguranu00e7a","36":"tag-sociedade","37":"tag-top-stories","38":"tag-topstories","39":"tag-ultimas","40":"tag-ultimas-noticias","41":"tag-ultimasnoticias"},"share_on_mastodon":{"url":"","error":"Validation failed: Text character limit of 500 exceeded"},"_links":{"self":[{"href":"https:\/\/www.europesays.com\/pt\/wp-json\/wp\/v2\/posts\/175539","targetHints":{"allow":["GET"]}}],"collection":[{"href":"https:\/\/www.europesays.com\/pt\/wp-json\/wp\/v2\/posts"}],"about":[{"href":"https:\/\/www.europesays.com\/pt\/wp-json\/wp\/v2\/types\/post"}],"author":[{"embeddable":true,"href":"https:\/\/www.europesays.com\/pt\/wp-json\/wp\/v2\/users\/2"}],"replies":[{"embeddable":true,"href":"https:\/\/www.europesays.com\/pt\/wp-json\/wp\/v2\/comments?post=175539"}],"version-history":[{"count":0,"href":"https:\/\/www.europesays.com\/pt\/wp-json\/wp\/v2\/posts\/175539\/revisions"}],"wp:featuredmedia":[{"embeddable":true,"href":"https:\/\/www.europesays.com\/pt\/wp-json\/wp\/v2\/media\/175540"}],"wp:attachment":[{"href":"https:\/\/www.europesays.com\/pt\/wp-json\/wp\/v2\/media?parent=175539"}],"wp:term":[{"taxonomy":"category","embeddable":true,"href":"https:\/\/www.europesays.com\/pt\/wp-json\/wp\/v2\/categories?post=175539"},{"taxonomy":"post_tag","embeddable":true,"href":"https:\/\/www.europesays.com\/pt\/wp-json\/wp\/v2\/tags?post=175539"}],"curies":[{"name":"wp","href":"https:\/\/api.w.org\/{rel}","templated":true}]}}