{"id":175548,"date":"2025-12-04T15:44:06","date_gmt":"2025-12-04T15:44:06","guid":{"rendered":"https:\/\/www.europesays.com\/pt\/175548\/"},"modified":"2025-12-04T15:44:06","modified_gmt":"2025-12-04T15:44:06","slug":"mortes-por-malaria-subiram-e-cortes-no-financiamento-aumentam-risco-de-regresso-alerta-oms","status":"publish","type":"post","link":"https:\/\/www.europesays.com\/pt\/175548\/","title":{"rendered":"Mortes por mal\u00e1ria subiram e cortes no financiamento aumentam risco de regresso, alerta OMS"},"content":{"rendered":"<p>\n         Publicado a<br \/>\n            04\/12\/2025 &#8211; 15:47 GMT+1\n            <\/p>\n<p>Casos e mortes por mal\u00e1ria aumentaram em todo o mundo no \u00faltimo ano, num contexto de cortes de financiamento e da &#8220;amea\u00e7a crescente&#8221; da resist\u00eancia aos medicamentos, alertou a Organiza\u00e7\u00e3o Mundial da Sa\u00fade (OMS) num novo relat\u00f3rio.<\/p>\n<p>Estimaram-se 282 milh\u00f5es de casos de mal\u00e1ria e 610 000 mortes em 2024, mais cerca de nove milh\u00f5es de casos e mais 12 000 mortes do que no ano anterior.<\/p>\n<p>Onze pa\u00edses africanos representam cerca de dois ter\u00e7os dos casos e mortes por mal\u00e1ria, e o progresso na redu\u00e7\u00e3o da taxa de mortalidade &#8220;continua muito aqu\u00e9m&#8221;, disse a OMS.<\/p>\n<p>Aumento de casos em 2024 \u00e9 &#8220;ainda mais preocupante, por n\u00e3o refletir ainda o impacto dos cortes de financiamento deste ano&#8221;, disse Gareth Jenkins, diretor executivo da organiza\u00e7\u00e3o sem fins lucrativos Malaria No More UK, em comunicado.<\/p>\n<p>Pa\u00edses ricos, como os Estados Unidos, o Reino Unido, a Alemanha e a Fran\u00e7a, <a href=\"https:\/\/www.euronews.com\/health\/2025\/03\/07\/utterly-devastating-global-health-groups-left-reeling-as-european-countries-slash-foreign-\" rel=\"nofollow noopener\" target=\"_blank\"><strong>cortaram drasticamente o financiamento<\/strong><\/a> para programas de sa\u00fade globais, incluindo <a href=\"https:\/\/www.euronews.com\/health\/2025\/11\/24\/global-fund-faces-shortfall-as-eu-and-other-donors-cut-contributions\" rel=\"nofollow noopener\" target=\"_blank\"><strong>os destinados a combater a mal\u00e1ria.<\/strong><\/a><\/p>\n<p>Cortes na ajuda internacional aumentam, segundo a OMS, o risco de surtos e de um ressurgimento da mal\u00e1ria, mas os n\u00edveis de financiamento j\u00e1 eram insuficientes.<\/p>\n<p>Em 2024, o financiamento global para o controlo da mal\u00e1ria foi estimado em 3,9 mil milh\u00f5es de d\u00f3lares (3,4 mil milh\u00f5es de euros), conclui o relat\u00f3rio. Est\u00e1 ligeiramente abaixo do ano anterior e muito aqu\u00e9m dos 9,3 mil milh\u00f5es de d\u00f3lares (8,1 mil milh\u00f5es de euros) que as autoridades de sa\u00fade consideram necess\u00e1rios.<\/p>\n<p>A mal\u00e1ria \u00e9 um dos maiores desafios de sa\u00fade p\u00fablica do mundo. Transmite-se \u00e0s pessoas atrav\u00e9s de mosquitos infetados com um parasita, o que a torna mais dif\u00edcil de eliminar do que outras doen\u00e7as que se propagam entre pessoas.<\/p>\n<p>A mal\u00e1ria tamb\u00e9m est\u00e1 a tornar-se mais dif\u00edcil de combater \u00e0 medida que o parasita que a transmite evolui, tornando menos eficazes os tratamentos e as medidas preventivas existentes, como mosquiteiros tratados com inseticida, advertiu a OMS.<\/p>\n<p>Pelo menos oito pa\u00edses africanos relataram resist\u00eancia parcial ao f\u00e1rmaco artemisinina, que, segundo a OMS, tem sido a &#8220;espinha dorsal&#8221; dos tratamentos contra a mal\u00e1ria desde que o parasita aprendeu a escapar \u00e0 cloroquina, um medicamento de primeira linha at\u00e9 ao in\u00edcio da d\u00e9cada de 1980.<\/p>\n<p>Jenkins apelou ao aumento do financiamento global para combater a mal\u00e1ria, incluindo novos tratamentos, mosquiteiros de &#8220;pr\u00f3xima gera\u00e7\u00e3o&#8221; e campanhas de vacina\u00e7\u00e3o.<\/p>\n<p>&#8220;Precisamos que os l\u00edderes n\u00e3o s\u00f3 compreendam a dimens\u00e3o de um poss\u00edvel ressurgimento da mal\u00e1ria, como vejam o potencial da ci\u00eancia da mal\u00e1ria para ajudar os pa\u00edses a reagirem&#8221;, disse Jenkins.<\/p>\n","protected":false},"excerpt":{"rendered":"Publicado a 04\/12\/2025 &#8211; 15:47 GMT+1 Casos e mortes por mal\u00e1ria aumentaram em todo o mundo no \u00faltimo&hellip;\n","protected":false},"author":2,"featured_media":175549,"comment_status":"","ping_status":"","sticky":false,"template":"","format":"standard","meta":{"footnotes":""},"categories":[86],"tags":[116,11486,6541,12545,32,33,117,896],"class_list":{"0":"post-175548","1":"post","2":"type-post","3":"status-publish","4":"format-standard","5":"has-post-thumbnail","7":"category-saude","8":"tag-health","9":"tag-malaria","10":"tag-mosquito","11":"tag-organizacao-mundial-de-saude","12":"tag-portugal","13":"tag-pt","14":"tag-saude","15":"tag-saude-publica"},"share_on_mastodon":{"url":"https:\/\/pubeurope.com\/@pt\/115662072290479560","error":""},"_links":{"self":[{"href":"https:\/\/www.europesays.com\/pt\/wp-json\/wp\/v2\/posts\/175548","targetHints":{"allow":["GET"]}}],"collection":[{"href":"https:\/\/www.europesays.com\/pt\/wp-json\/wp\/v2\/posts"}],"about":[{"href":"https:\/\/www.europesays.com\/pt\/wp-json\/wp\/v2\/types\/post"}],"author":[{"embeddable":true,"href":"https:\/\/www.europesays.com\/pt\/wp-json\/wp\/v2\/users\/2"}],"replies":[{"embeddable":true,"href":"https:\/\/www.europesays.com\/pt\/wp-json\/wp\/v2\/comments?post=175548"}],"version-history":[{"count":0,"href":"https:\/\/www.europesays.com\/pt\/wp-json\/wp\/v2\/posts\/175548\/revisions"}],"wp:featuredmedia":[{"embeddable":true,"href":"https:\/\/www.europesays.com\/pt\/wp-json\/wp\/v2\/media\/175549"}],"wp:attachment":[{"href":"https:\/\/www.europesays.com\/pt\/wp-json\/wp\/v2\/media?parent=175548"}],"wp:term":[{"taxonomy":"category","embeddable":true,"href":"https:\/\/www.europesays.com\/pt\/wp-json\/wp\/v2\/categories?post=175548"},{"taxonomy":"post_tag","embeddable":true,"href":"https:\/\/www.europesays.com\/pt\/wp-json\/wp\/v2\/tags?post=175548"}],"curies":[{"name":"wp","href":"https:\/\/api.w.org\/{rel}","templated":true}]}}