{"id":175550,"date":"2025-12-04T15:46:25","date_gmt":"2025-12-04T15:46:25","guid":{"rendered":"https:\/\/www.europesays.com\/pt\/175550\/"},"modified":"2025-12-04T15:46:25","modified_gmt":"2025-12-04T15:46:25","slug":"saiba-como-observar-a-ultima-super-lua-do-ano","status":"publish","type":"post","link":"https:\/\/www.europesays.com\/pt\/175550\/","title":{"rendered":"Saiba como observar a \u00faltima Super Lua do ano"},"content":{"rendered":"<p>\n  De&amp;nbsp<b>Euronews, AP<\/b>\n<\/p>\n<p>\n                    Publicado a                 04\/12\/2025 &#8211; 16:20 GMT+1<br \/>\n                \u2022\u00daltimas not\u00edcias<br \/>\n                                     16:34\n                                        <\/p>\n<p>A \u00faltima Super Lua do ano vai brilhar na quinta-feira.<\/p>\n<p>A \u00f3rbita da Lua \u00e0 volta da Terra n\u00e3o \u00e9 um c\u00edrculo perfeito, pelo que se aproxima e se afasta ao orbitar.<\/p>\n<p>Quando a Lua cheia est\u00e1 mais pr\u00f3xima da Terra na sua \u00f3rbita, ocorre a chamada Super Lua. Faz a Lua parecer at\u00e9 14% maior e 30% mais brilhante do que a Lua mais t\u00e9nue do ano, segundo a ag\u00eancia espacial norte-americana NASA.<\/p>\n<p>As Super Luas ocorrem algumas vezes por ano em sequ\u00eancia, tirando partido do ponto ideal da \u00f3rbita el\u00edptica da Lua. O fen\u00f3meno de quinta-feira \u00e0 noite \u00e9 o \u00faltimo de <a href=\"https:\/\/pt.euronews.com\/next\/2025\/11\/03\/superlua-de-novembro-a-mais-brilhante-do-ano-como-observa-la\" rel=\"nofollow noopener\" target=\"_blank\"><strong>tr\u00eas seguidas em 2025.<\/strong><\/a><\/p>\n<p>A Super Lua pode ser avistada em c\u00e9us noturnos l\u00edmpidos sem qualquer equipamento especial. Mas pode ser dif\u00edcil perceber a diferen\u00e7a subtil a olho nu.<\/p>\n<p>Com ou sem Super Lua, a Lua parece tamb\u00e9m maior quando est\u00e1 pr\u00f3xima do horizonte devido ao que se chama ilus\u00e3o lunar. \u00c9 um estranho truque visual que os especialistas ainda n\u00e3o conseguem explicar.<\/p>\n<p>&#8220;Com uma Super Lua, esse efeito fica apenas um pouco mais pronunciado&#8221;, disse o astr\u00f3nomo William Alston, da Universidade de Hertfordshire, no Reino Unido.<\/p>\n<p>As mar\u00e9s podem ficar ligeiramente mais altas durante uma Super Lua porque a Lua est\u00e1 mais pr\u00f3xima da Terra, mas, de novo, a diferen\u00e7a n\u00e3o \u00e9 muito percet\u00edvel.<\/p>\n","protected":false},"excerpt":{"rendered":"De&amp;nbspEuronews, AP Publicado a 04\/12\/2025 &#8211; 16:20 GMT+1 \u2022\u00daltimas not\u00edcias 16:34 A \u00faltima Super Lua do ano vai&hellip;\n","protected":false},"author":2,"featured_media":175551,"comment_status":"","ping_status":"","sticky":false,"template":"","format":"standard","meta":{"footnotes":""},"categories":[84],"tags":[443,109,107,108,2179,1149,32,33,105,103,104,106,110],"class_list":{"0":"post-175550","1":"post","2":"type-post","3":"status-publish","4":"format-standard","5":"has-post-thumbnail","7":"category-ciencia-e-tecnologia","8":"tag-astronomia","9":"tag-ciencia","10":"tag-ciencia-e-tecnologia","11":"tag-cienciaetecnologia","12":"tag-lua","13":"tag-nasa","14":"tag-portugal","15":"tag-pt","16":"tag-science","17":"tag-science-and-technology","18":"tag-scienceandtechnology","19":"tag-technology","20":"tag-tecnologia"},"share_on_mastodon":{"url":"https:\/\/pubeurope.com\/@pt\/115662080093051250","error":""},"_links":{"self":[{"href":"https:\/\/www.europesays.com\/pt\/wp-json\/wp\/v2\/posts\/175550","targetHints":{"allow":["GET"]}}],"collection":[{"href":"https:\/\/www.europesays.com\/pt\/wp-json\/wp\/v2\/posts"}],"about":[{"href":"https:\/\/www.europesays.com\/pt\/wp-json\/wp\/v2\/types\/post"}],"author":[{"embeddable":true,"href":"https:\/\/www.europesays.com\/pt\/wp-json\/wp\/v2\/users\/2"}],"replies":[{"embeddable":true,"href":"https:\/\/www.europesays.com\/pt\/wp-json\/wp\/v2\/comments?post=175550"}],"version-history":[{"count":0,"href":"https:\/\/www.europesays.com\/pt\/wp-json\/wp\/v2\/posts\/175550\/revisions"}],"wp:featuredmedia":[{"embeddable":true,"href":"https:\/\/www.europesays.com\/pt\/wp-json\/wp\/v2\/media\/175551"}],"wp:attachment":[{"href":"https:\/\/www.europesays.com\/pt\/wp-json\/wp\/v2\/media?parent=175550"}],"wp:term":[{"taxonomy":"category","embeddable":true,"href":"https:\/\/www.europesays.com\/pt\/wp-json\/wp\/v2\/categories?post=175550"},{"taxonomy":"post_tag","embeddable":true,"href":"https:\/\/www.europesays.com\/pt\/wp-json\/wp\/v2\/tags?post=175550"}],"curies":[{"name":"wp","href":"https:\/\/api.w.org\/{rel}","templated":true}]}}