{"id":175552,"date":"2025-12-04T15:48:09","date_gmt":"2025-12-04T15:48:09","guid":{"rendered":"https:\/\/www.europesays.com\/pt\/175552\/"},"modified":"2025-12-04T15:48:09","modified_gmt":"2025-12-04T15:48:09","slug":"onu-exige-o-regresso-de-criancas-ucranianas-levadas-a-forca-para-a-russia","status":"publish","type":"post","link":"https:\/\/www.europesays.com\/pt\/175552\/","title":{"rendered":"ONU exige o regresso de crian\u00e7as ucranianas levadas \u00e0 for\u00e7a para a R\u00fassia"},"content":{"rendered":"<p>&#13;<br \/>\nCom 91 votos a favor, 12 contra e 57 absten\u00e7\u00f5es, o organismo aprovou o documento, que insta a R\u00fassia a &#8220;garantir o regresso imediato, seguro e incondicional das crian\u00e7as que foram deportadas ou levadas \u00e0 for\u00e7a&#8221; para territ\u00f3rio russo.&#13;\n<\/p>\n<p>&#13;<br \/>\nEste documento exige o fim, &#8220;sem demora, de todas as pr\u00e1ticas de remo\u00e7\u00e3o for\u00e7ada, deporta\u00e7\u00e3o, separa\u00e7\u00e3o das suas fam\u00edlias e respons\u00e1veis legais, mudan\u00e7a de estatuto pessoal e doutrina\u00e7\u00e3o de crian\u00e7as ucranianas&#8221;, segundo um comunicado de imprensa da ONU.&#13;\n<\/p>\n<p>&#13;<br \/>\n&#8220;Imagine que tem 16 anos num dia normal (&#8230;) quando, de repente, soldados armados com metralhadoras e um gorro, tipo passa montanhas, para esconder os rostos invadem a sua casa. Obrigam-no a entrar no ve\u00edculo e levam-no para um destino desconhecido, e v\u00ea-se preso durante meses num pesadelo, com um nome diferente&#8221;, disse a presidente da Assembleia Geral, Annalena Baerbock.&#13;\n<\/p>\n<p>&#13;<br \/>\nBaerbock enfatizou que o direito internacional \u00e9 muito claro no artigo 49.\u00ba da Conven\u00e7\u00e3o de Genebra, que pro\u00edbe a remo\u00e7\u00e3o for\u00e7ada ou a deporta\u00e7\u00e3o de crian\u00e7as de territ\u00f3rios ocupados.&#13;\n<\/p>\n<p>&#13;<br \/>\nA R\u00fassia invadiu a Ucr\u00e2nia a 24 de fevereiro de 2022, com o argumento de proteger as minorias separatistas pr\u00f3-russas no leste e &#8220;desnazificar&#8221; o pa\u00eds vizinho, independente desde 1991 &#8211; ap\u00f3s a desagrega\u00e7\u00e3o da antiga Uni\u00e3o Sovi\u00e9tica &#8211; e que tem vindo a afastar-se do espa\u00e7o de influ\u00eancia de Moscovo e a aproximar-se da Europa e do Ocidente.&#13;<\/p>\n","protected":false},"excerpt":{"rendered":"&#13; Com 91 votos a favor, 12 contra e 57 absten\u00e7\u00f5es, o organismo aprovou o documento, que insta&hellip;\n","protected":false},"author":2,"featured_media":175553,"comment_status":"","ping_status":"","sticky":false,"template":"","format":"standard","meta":{"footnotes":""},"categories":[50],"tags":[27,28,28936,15,16,14,25,26,21,22,62,12,13,19,20,23,24,17,18,840,29,30,31,63,64,65],"class_list":{"0":"post-175552","1":"post","2":"type-post","3":"status-publish","4":"format-standard","5":"has-post-thumbnail","7":"category-mundo","8":"tag-breaking-news","9":"tag-breakingnews","10":"tag-convencao","11":"tag-featured-news","12":"tag-featurednews","13":"tag-headlines","14":"tag-latest-news","15":"tag-latestnews","16":"tag-main-news","17":"tag-mainnews","18":"tag-mundo","19":"tag-news","20":"tag-noticias","21":"tag-noticias-principais","22":"tag-noticiasprincipais","23":"tag-principais-noticias","24":"tag-principaisnoticias","25":"tag-top-stories","26":"tag-topstories","27":"tag-ucrania","28":"tag-ultimas","29":"tag-ultimas-noticias","30":"tag-ultimasnoticias","31":"tag-world","32":"tag-world-news","33":"tag-worldnews"},"share_on_mastodon":{"url":"https:\/\/pubeurope.com\/@pt\/115662088309531901","error":""},"_links":{"self":[{"href":"https:\/\/www.europesays.com\/pt\/wp-json\/wp\/v2\/posts\/175552","targetHints":{"allow":["GET"]}}],"collection":[{"href":"https:\/\/www.europesays.com\/pt\/wp-json\/wp\/v2\/posts"}],"about":[{"href":"https:\/\/www.europesays.com\/pt\/wp-json\/wp\/v2\/types\/post"}],"author":[{"embeddable":true,"href":"https:\/\/www.europesays.com\/pt\/wp-json\/wp\/v2\/users\/2"}],"replies":[{"embeddable":true,"href":"https:\/\/www.europesays.com\/pt\/wp-json\/wp\/v2\/comments?post=175552"}],"version-history":[{"count":0,"href":"https:\/\/www.europesays.com\/pt\/wp-json\/wp\/v2\/posts\/175552\/revisions"}],"wp:featuredmedia":[{"embeddable":true,"href":"https:\/\/www.europesays.com\/pt\/wp-json\/wp\/v2\/media\/175553"}],"wp:attachment":[{"href":"https:\/\/www.europesays.com\/pt\/wp-json\/wp\/v2\/media?parent=175552"}],"wp:term":[{"taxonomy":"category","embeddable":true,"href":"https:\/\/www.europesays.com\/pt\/wp-json\/wp\/v2\/categories?post=175552"},{"taxonomy":"post_tag","embeddable":true,"href":"https:\/\/www.europesays.com\/pt\/wp-json\/wp\/v2\/tags?post=175552"}],"curies":[{"name":"wp","href":"https:\/\/api.w.org\/{rel}","templated":true}]}}