{"id":175557,"date":"2025-12-04T15:57:09","date_gmt":"2025-12-04T15:57:09","guid":{"rendered":"https:\/\/www.europesays.com\/pt\/175557\/"},"modified":"2025-12-04T15:57:09","modified_gmt":"2025-12-04T15:57:09","slug":"elegeram-um-rei-harry-faz-piadas-sobre-trump-no-late-show-observador","status":"publish","type":"post","link":"https:\/\/www.europesays.com\/pt\/175557\/","title":{"rendered":"&#8220;Elegeram um rei&#8221;. Harry faz piadas sobre Trump no Late Show \u2013 Observador"},"content":{"rendered":"<p>O pr\u00edncipe Harry fez piadas sobre o presidente dos EUA, Donald Trump, numa apari\u00e7\u00e3o inesperada no programa \u2018The Late Show\u2019, de Stephen Colbert, esta quarta-feira. O Duque de Sussex interpretou uma vers\u00e3o de si mesmo, referindo que os EUA \u201celegeram um rei\u201d e que o pa\u00eds (no qual vive h\u00e1 v\u00e1rios anos) tem uma \u201cobsess\u00e3o\u201d pela realeza, escreve o jornal <a href=\"https:\/\/www.independent.co.uk\/arts-entertainment\/tv\/news\/donald-trump-prince-harry-stephen-colbert-b2877837.html\" rel=\"nofollow noopener\" target=\"_blank\">The Independent<\/a>.<\/p>\n<p>Quando falou do \u201crei\u201d dos EUA, numa refer\u00eancia impl\u00edcita a Donal Trump, Harry arrancou uma vaia da plateia que assistia ao programa. A piada parecia ser uma refer\u00eancia ao movimento \u201cNo Kings\u201d (N\u00e3o aos reis), que organizou protestos em v\u00e1rias cidades norte-americanas contra o que descrevem como pol\u00edticas autorit\u00e1rias de Trump.<\/p>\n<blockquote class=\"wp-embedded-content\" data-secret=\"eMUevDaIRn\">\n<p><a href=\"https:\/\/observador.pt\/2024\/10\/31\/trump-processa-canal-cbs-por-distorcer-a-informacao-a-favor-de-harris-e-pede-9-mil-milhoes-de-euros\/\" rel=\"nofollow noopener\" target=\"_blank\">Trump processa canal CBS por \u201cdistorcer a informa\u00e7\u00e3o\u201d a favor de Harris e pede 9 mil milh\u00f5es de euros<\/a><\/p>\n<\/blockquote>\n<p>Harry fez depois refer\u00eancia ao acordo entre a CBS, emissora respons\u00e1vel pelo programa\u00a0The Late Show, e Donald Trump em rela\u00e7\u00e3o a um processo, <a href=\"https:\/\/observador.pt\/2024\/10\/31\/trump-processa-canal-cbs-por-distorcer-a-informacao-a-favor-de-harris-e-pede-9-mil-milhoes-de-euros\/\" rel=\"nofollow noopener\" target=\"_blank\">interposto<\/a> pelo presidente dos EUA, no qual Trump acusava a esta\u00e7\u00e3o televisiva de interferir nas \u00faltimas elei\u00e7\u00f5es presidenciais, ao ter editado uma entrevista do programa \u201960 Minutos\u2019 com sua rival na corrida presidencial, Kamala Harris, com o objetivo de \u201cdistorcer a informa\u00e7\u00e3o\u201d.<\/p>\n<p>\u201cVou gravar uma self-tape, vou por minha conta a uma audi\u00e7\u00e3o, e <strong>vou resolver um processo judicial sem fundamento com a Casa Branca<\/strong> \u2013 todas as coisas que voc\u00eas da TV fazem\u201d, disse o pr\u00edncipe Harry, simulando uma situa\u00e7\u00e3o em que quisesse lutar por um lugar num filme da cadeia Hallmark.<\/p>\n<p>Em resposta, e sempre num tom sat\u00edrico, Stephen Colbert respondeu: \u201cEu n\u00e3o fiz nada\u201d. Ao que Harry retorquiu: \u201cTalvez tenha sido por isso que foste cancelado\u201d, referindo-se \u00e0 decis\u00e3o da <a href=\"https:\/\/observador.pt\/2025\/07\/18\/cbs-anuncia-fim-do-programa-late-show-com-stephen-colbert-por-razoes-financeiras\/\" rel=\"nofollow noopener\" target=\"_blank\">acabar com o The Late Show<\/a>, programa que vai deixar de ser exibido em maio de 2026, depois de dez anos no ar.<\/p>\n<p>Segundo o <a href=\"https:\/\/www.dailymail.co.uk\/news\/article-15351767\/Prince-Harry-Stephen-Colbert-Trump.html?ito=native_share_article-top\" rel=\"nofollow noopener\" target=\"_blank\">Daily Mail<\/a>, o Duque de Sussex tamb\u00e9m fez uma piada sobre o Rei George III, seu tetrav\u00f4, que governava Inglaterra durante a perda das col\u00f3nias na Am\u00e9rica em 1783, Harry disse a Colbert que deveria \u201cesquecer isso\u201d quando o apresentador classificou o antigo monarca como \u201cum pouco idiota\u201d.<\/p>\n<p>Meghan Markle tinha partilhado no Instagram um curto v\u00eddeo a antecipar a participa\u00e7\u00e3o do marido no programa. O v\u00eddeo mostrava Harry a recriar um c\u00e9lebre momento do programa Great British Bake Off, em que se satiriza a forma como os brit\u00e2nicos pronunciam o verbo \u201cbake\u201d (cozer, assar).<\/p>\n","protected":false},"excerpt":{"rendered":"O pr\u00edncipe Harry fez piadas sobre o presidente dos EUA, Donald Trump, numa apari\u00e7\u00e3o inesperada no programa \u2018The&hellip;\n","protected":false},"author":2,"featured_media":175558,"comment_status":"","ping_status":"","sticky":false,"template":"","format":"standard","meta":{"footnotes":""},"categories":[142],"tags":[624,6516,211,92,114,115,623,186,62,32,25813,33,151],"class_list":{"0":"post-175557","1":"post","2":"type-post","3":"status-publish","4":"format-standard","5":"has-post-thumbnail","7":"category-tv","8":"tag-amu00e9rica","9":"tag-casas-reais","10":"tag-celebridades","11":"tag-donald-trump","12":"tag-entertainment","13":"tag-entretenimento","14":"tag-estados-unidos-da-amu00e9rica","15":"tag-lifestyle","16":"tag-mundo","17":"tag-portugal","18":"tag-pru00edncipe-harry","19":"tag-pt","20":"tag-tv"},"share_on_mastodon":{"url":"https:\/\/pubeurope.com\/@pt\/115662123497081232","error":""},"_links":{"self":[{"href":"https:\/\/www.europesays.com\/pt\/wp-json\/wp\/v2\/posts\/175557","targetHints":{"allow":["GET"]}}],"collection":[{"href":"https:\/\/www.europesays.com\/pt\/wp-json\/wp\/v2\/posts"}],"about":[{"href":"https:\/\/www.europesays.com\/pt\/wp-json\/wp\/v2\/types\/post"}],"author":[{"embeddable":true,"href":"https:\/\/www.europesays.com\/pt\/wp-json\/wp\/v2\/users\/2"}],"replies":[{"embeddable":true,"href":"https:\/\/www.europesays.com\/pt\/wp-json\/wp\/v2\/comments?post=175557"}],"version-history":[{"count":0,"href":"https:\/\/www.europesays.com\/pt\/wp-json\/wp\/v2\/posts\/175557\/revisions"}],"wp:featuredmedia":[{"embeddable":true,"href":"https:\/\/www.europesays.com\/pt\/wp-json\/wp\/v2\/media\/175558"}],"wp:attachment":[{"href":"https:\/\/www.europesays.com\/pt\/wp-json\/wp\/v2\/media?parent=175557"}],"wp:term":[{"taxonomy":"category","embeddable":true,"href":"https:\/\/www.europesays.com\/pt\/wp-json\/wp\/v2\/categories?post=175557"},{"taxonomy":"post_tag","embeddable":true,"href":"https:\/\/www.europesays.com\/pt\/wp-json\/wp\/v2\/tags?post=175557"}],"curies":[{"name":"wp","href":"https:\/\/api.w.org\/{rel}","templated":true}]}}