{"id":175561,"date":"2025-12-04T16:00:18","date_gmt":"2025-12-04T16:00:18","guid":{"rendered":"https:\/\/www.europesays.com\/pt\/175561\/"},"modified":"2025-12-04T16:00:18","modified_gmt":"2025-12-04T16:00:18","slug":"luuk-de-jong-reage-as-mas-noticias-estou-arrasado","status":"publish","type":"post","link":"https:\/\/www.europesays.com\/pt\/175561\/","title":{"rendered":"Luuk de Jong reage \u00e0s m\u00e1s not\u00edcias: \u00abEstou arrasado\u00bb"},"content":{"rendered":"<p>Luuk de Jong reagiu <a href=\"https:\/\/maisfutebol.iol.pt\/fc-porto\/luuk-de-jong\/fc-porto-luuk-de-jong-tem-lesao-parcial-no-ligamento\" rel=\"nofollow noopener\" target=\"_blank\"><strong>\u00e0 not\u00edcia de que vai ficar afastado dos relvados por mais seis a oito semanas<\/strong><\/a>, no m\u00ednimo, podendo no pior dos cen\u00e1rios chegar aos tr\u00eas meses de recupera\u00e7\u00e3o.<\/p>\n<p>\u00abRecebi ontem a terr\u00edvel not\u00edcia de que sofri uma les\u00e3o no ligamento cruzado anterior. Estou arrasado. Depois de meses de muito trabalho e treino para voltar a ajudar a equipa e este lindo clube, o FC Porto, d\u00f3i profundamente voltar a encontrar-me \u00e0 margem\u00bb, escreveu o ponta de lan\u00e7a.<\/p>\n<p>\u00abEnfrentarei este desafio com tudo o que tenho, determinado a voltar ainda mais forte, tanto fisicamente como mentalmente.\u00bb<\/p>\n<blockquote class=\"instagram-media\" data-instgrm-captioned=\"\" data-instgrm-permalink=\"https:\/\/www.instagram.com\/p\/DR13RJ3jNES\/?utm_source=ig_embed&amp;utm_campaign=loading\" data-instgrm-version=\"14\" style=\" background:#FFF; border:0; border-radius:3px; box-shadow:0 0 1px 0 rgba(0,0,0,0.5),0 1px 10px 0 rgba(0,0,0,0.15); margin: 1px; max-width:540px; min-width:326px; padding:0; width:99.375%; width:-webkit-calc(100% - 2px); width:calc(100% - 2px);\">\n<\/blockquote>\n<p>                                <script async src=\"\/\/www.instagram.com\/embed.js\"><\/script><\/p>\n","protected":false},"excerpt":{"rendered":"Luuk de Jong reagiu \u00e0 not\u00edcia de que vai ficar afastado dos relvados por mais seis a oito&hellip;\n","protected":false},"author":2,"featured_media":132861,"comment_status":"","ping_status":"","sticky":false,"template":"","format":"standard","meta":{"footnotes":""},"categories":[87],"tags":[6092,135,282,36,36443,6287,5819,46,32,33,47,3739,134],"class_list":{"0":"post-175561","1":"post","2":"type-post","3":"status-publish","4":"format-standard","5":"has-post-thumbnail","7":"category-desporto","8":"tag-de-jong","9":"tag-desporto","10":"tag-fc-porto","11":"tag-liga","12":"tag-ligamento","13":"tag-ligamento-cruzado","14":"tag-luuk-de-jong","15":"tag-maisfutebol","16":"tag-portugal","17":"tag-pt","18":"tag-pura-paixao","19":"tag-reacao","20":"tag-sports"},"share_on_mastodon":{"url":"https:\/\/pubeurope.com\/@pt\/115662135297336243","error":""},"_links":{"self":[{"href":"https:\/\/www.europesays.com\/pt\/wp-json\/wp\/v2\/posts\/175561","targetHints":{"allow":["GET"]}}],"collection":[{"href":"https:\/\/www.europesays.com\/pt\/wp-json\/wp\/v2\/posts"}],"about":[{"href":"https:\/\/www.europesays.com\/pt\/wp-json\/wp\/v2\/types\/post"}],"author":[{"embeddable":true,"href":"https:\/\/www.europesays.com\/pt\/wp-json\/wp\/v2\/users\/2"}],"replies":[{"embeddable":true,"href":"https:\/\/www.europesays.com\/pt\/wp-json\/wp\/v2\/comments?post=175561"}],"version-history":[{"count":0,"href":"https:\/\/www.europesays.com\/pt\/wp-json\/wp\/v2\/posts\/175561\/revisions"}],"wp:featuredmedia":[{"embeddable":true,"href":"https:\/\/www.europesays.com\/pt\/wp-json\/wp\/v2\/media\/132861"}],"wp:attachment":[{"href":"https:\/\/www.europesays.com\/pt\/wp-json\/wp\/v2\/media?parent=175561"}],"wp:term":[{"taxonomy":"category","embeddable":true,"href":"https:\/\/www.europesays.com\/pt\/wp-json\/wp\/v2\/categories?post=175561"},{"taxonomy":"post_tag","embeddable":true,"href":"https:\/\/www.europesays.com\/pt\/wp-json\/wp\/v2\/tags?post=175561"}],"curies":[{"name":"wp","href":"https:\/\/api.w.org\/{rel}","templated":true}]}}