{"id":175564,"date":"2025-12-04T16:03:24","date_gmt":"2025-12-04T16:03:24","guid":{"rendered":"https:\/\/www.europesays.com\/pt\/175564\/"},"modified":"2025-12-04T16:03:24","modified_gmt":"2025-12-04T16:03:24","slug":"escola-de-vila-velha-promove-estudo-da-quimica-com-criacao-da-arvore-de-natal-da-tabela-periodica","status":"publish","type":"post","link":"https:\/\/www.europesays.com\/pt\/175564\/","title":{"rendered":"Escola de Vila Velha promove estudo da Qu\u00edmica com cria\u00e7\u00e3o da \u2018\u00c1rvore de Natal da Tabela Peri\u00f3dica\u2019"},"content":{"rendered":"<p style=\"text-align: justify;\">A Escola Estadual de Ensino Fundamental e M\u00e9dio (EEEFM) Luiz Manoel Vellozo, localizada no munic\u00edpio de Vila Velha, desenvolveu uma atividade pedag\u00f3gica interdisciplinar voltada ao estudo da Tabela Peri\u00f3dica e das propriedades dos elementos qu\u00edmicos. A a\u00e7\u00e3o foi conduzida pelo professor Fernando Henrique Avelino, com apoio da pedagoga Jayka Bertazo, e teve como objetivo tornar o ensino da Qu\u00edmica mais din\u00e2mico, contextualizado e significativo para os estudantes.<\/p>\n<p style=\"text-align: justify;\">As aulas iniciaram com uma abordagem hist\u00f3rica sobre a constru\u00e7\u00e3o da Tabela Peri\u00f3dica, destacando o trabalho de cientistas como Dmitri Mendeleev e Henry Moseley, e avan\u00e7aram para o estudo de grupos, per\u00edodos, metais, ametais, gases nobres e elementos de transi\u00e7\u00e3o. Os estudantes analisaram como a posi\u00e7\u00e3o de cada elemento se relaciona a suas propriedades f\u00edsicas e qu\u00edmicas, favorecendo a compreens\u00e3o de padr\u00f5es e classifica\u00e7\u00f5es.<\/p>\n<p style=\"text-align: justify;\">A proposta pedag\u00f3gica integrou atividades pr\u00e1ticas, l\u00fadicas e digitais, que inclu\u00edram jogos de identifica\u00e7\u00e3o de elementos e s\u00edmbolos qu\u00edmicos, constru\u00e7\u00e3o de mini-tabelas com materiais recicl\u00e1veis, uso de aplicativos interativos e recursos de realidade aumentada para visualiza\u00e7\u00e3o de elementos em 3D. Tamb\u00e9m foram realizadas pesquisas sobre a presen\u00e7a dos elementos qu\u00edmicos no cotidiano, como o ferro em utens\u00edlios dom\u00e9sticos, o oxig\u00eanio na respira\u00e7\u00e3o e o sil\u00edcio em dispositivos eletr\u00f4nicos.<\/p>\n<p style=\"text-align: justify;\">Como culmin\u00e2ncia, os estudantes constru\u00edram a \u201c\u00c1rvore de Natal da Tabela Peri\u00f3dica\u201d, pe\u00e7a coletiva formada pela escolha individual de um elemento qu\u00edmico. Cada estudante pesquisou propriedades, aplica\u00e7\u00f5es e contribui\u00e7\u00f5es do elemento escolhido, representando-o por meio de cores, s\u00edmbolos e materiais sustent\u00e1veis. A uni\u00e3o dos elementos qu\u00edmicos resultou em uma frase natalina e na cria\u00e7\u00e3o de uma \u00e1rvore de Natal, integrando conhecimentos de Qu\u00edmica, Arte e contexto social.<\/p>\n<p style=\"text-align: justify;\">\u00a0<\/p>\n<p style=\"text-align: justify;\">Envie sua sugest\u00e3o de pauta para: <a href=\"https:\/\/sedu.es.gov.br\/Not%C3%ADcia\/mailto:pauta@sedu.es.gov.br\" rel=\"nofollow noopener\" target=\"_blank\">pauta@sedu.es.gov.br<\/a><\/p>\n<p style=\"text-align: justify;\">\u00a0<\/p>\n<p style=\"text-align: justify;\"><strong>Informa\u00e7\u00f5es \u00e0 Imprensa:<\/strong><\/p>\n<p style=\"text-align: justify;\">\u00a0<\/p>\n<p style=\"text-align: justify;\">Assessoria de Comunica\u00e7\u00e3o da Sedu<\/p>\n<p style=\"text-align: justify;\">comunicacaosedu@sedu.es.gov.br<\/p>\n<p style=\"text-align: justify;\">C\u00edcero Giuri | cgbona@sedu.es.gov.br<\/p>\n<p style=\"text-align: justify;\">(27) 3636-7888 \/ 3636-7707<\/p>\n","protected":false},"excerpt":{"rendered":"A Escola Estadual de Ensino Fundamental e M\u00e9dio (EEEFM) Luiz Manoel Vellozo, localizada no munic\u00edpio de Vila Velha,&hellip;\n","protected":false},"author":2,"featured_media":175565,"comment_status":"","ping_status":"","sticky":false,"template":"","format":"standard","meta":{"footnotes":""},"categories":[84],"tags":[109,107,108,539,32,33,105,103,104,106,110],"class_list":{"0":"post-175564","1":"post","2":"type-post","3":"status-publish","4":"format-standard","5":"has-post-thumbnail","7":"category-ciencia-e-tecnologia","8":"tag-ciencia","9":"tag-ciencia-e-tecnologia","10":"tag-cienciaetecnologia","11":"tag-educacao","12":"tag-portugal","13":"tag-pt","14":"tag-science","15":"tag-science-and-technology","16":"tag-scienceandtechnology","17":"tag-technology","18":"tag-tecnologia"},"share_on_mastodon":{"url":"https:\/\/pubeurope.com\/@pt\/115662147098499056","error":""},"_links":{"self":[{"href":"https:\/\/www.europesays.com\/pt\/wp-json\/wp\/v2\/posts\/175564","targetHints":{"allow":["GET"]}}],"collection":[{"href":"https:\/\/www.europesays.com\/pt\/wp-json\/wp\/v2\/posts"}],"about":[{"href":"https:\/\/www.europesays.com\/pt\/wp-json\/wp\/v2\/types\/post"}],"author":[{"embeddable":true,"href":"https:\/\/www.europesays.com\/pt\/wp-json\/wp\/v2\/users\/2"}],"replies":[{"embeddable":true,"href":"https:\/\/www.europesays.com\/pt\/wp-json\/wp\/v2\/comments?post=175564"}],"version-history":[{"count":0,"href":"https:\/\/www.europesays.com\/pt\/wp-json\/wp\/v2\/posts\/175564\/revisions"}],"wp:featuredmedia":[{"embeddable":true,"href":"https:\/\/www.europesays.com\/pt\/wp-json\/wp\/v2\/media\/175565"}],"wp:attachment":[{"href":"https:\/\/www.europesays.com\/pt\/wp-json\/wp\/v2\/media?parent=175564"}],"wp:term":[{"taxonomy":"category","embeddable":true,"href":"https:\/\/www.europesays.com\/pt\/wp-json\/wp\/v2\/categories?post=175564"},{"taxonomy":"post_tag","embeddable":true,"href":"https:\/\/www.europesays.com\/pt\/wp-json\/wp\/v2\/tags?post=175564"}],"curies":[{"name":"wp","href":"https:\/\/api.w.org\/{rel}","templated":true}]}}