{"id":175568,"date":"2025-12-04T16:05:11","date_gmt":"2025-12-04T16:05:11","guid":{"rendered":"https:\/\/www.europesays.com\/pt\/175568\/"},"modified":"2025-12-04T16:05:11","modified_gmt":"2025-12-04T16:05:11","slug":"tem-de-haver-um-compromisso-claro-il-pede-ao-governo-que-antecipe-fim-de-importacoes-de-gas-russo","status":"publish","type":"post","link":"https:\/\/www.europesays.com\/pt\/175568\/","title":{"rendered":"&#8220;Tem de haver um compromisso claro&#8221;. IL pede ao Governo que antecipe fim de importa\u00e7\u00f5es de g\u00e1s russo"},"content":{"rendered":"<p>A recomenda\u00e7\u00e3o \u00e9 feita num projeto de resolu\u00e7\u00e3o &#8211; sem for\u00e7a de lei &#8211; apresentado pela bancada liberal, horas depois de ser alcan\u00e7ado um acordo entre eurodeputados e Estados europeus para proibir todas as importa\u00e7\u00f5es de g\u00e1s russo para a Uni\u00e3o Europeia no outono de 2027. <\/p>\n<p><b>\u201cPortugal pode antecipar o cumprimento desse acordo, n\u00e3o tem de esperar at\u00e9 ao fim de 2017. Por um motivo muito simples: felizmente o g\u00e1s natural proveniente da R\u00fassia \u00e9 uma pequena componente do total das importa\u00e7\u00f5es nacionais\u201d<\/b>, afirma o deputado da IL Jorge Miguel Teixeira.\u00a0&#13;\n<\/p>\n<p>\u201cTemos fontes diversificadas de g\u00e1s natural e conseguimos perfeitamente cumprir este objetivo mais cedo do que, se calhar, outros pa\u00edses da Uni\u00e3o Europeia\u201d, acrescenta em declara\u00e7\u00f5es \u00e0 Antena 1.<br \/>\n          <img decoding=\"async\" itemprop=\"image\" class=\"img-fluid\"   src=\"https:\/\/www.europesays.com\/pt\/wp-content\/uploads\/2025\/12\/1764864310_47_bg_playeraudio_3.jpg\"\/><\/p>\n<p>Na iniciativa, que j\u00e1 deu entrada na Assembleia da Rep\u00fablica, os liberais argumentam que a antecipa\u00e7\u00e3o do calend\u00e1rio seria uma \u201cafirma\u00e7\u00e3o pol\u00edtica inequ\u00edvoca de solidariedade com a Ucr\u00e2nia\u201d e de \u201calinhamento com os valores europeus de liberdade, soberania e coer\u00eancia\u201d.\u00a0<\/p>\n<p>\u00c0 Antena 1, <b>Jorge Miguel Teixeira defende que foi feito \u201cpouco progresso nos \u00faltimos anos\u201d no que toca \u00e0 depend\u00eancia de recursos russos e pede ao Executivo portugu\u00eas um \u201ccompromisso claro\u201d<\/b>.<br \/>\n          <img decoding=\"async\" itemprop=\"image\" class=\"img-fluid\"   src=\"https:\/\/www.europesays.com\/pt\/wp-content\/uploads\/2025\/12\/1764864311_530_bg_playeraudio_2.jpg\"\/><\/p>\n<p>\u201cSe o Governo vier dizer que n\u00e3o pode ser no primeiro trimestre de 2026, que tem de ser no segundo ou terceiro, tudo bem. Mas \u00e9 preciso dar um sinal de que \u00e9 poss\u00edvel antecipar\u201d, refor\u00e7a o tamb\u00e9m vice-presidente da bancada da IL.<\/p>\n","protected":false},"excerpt":{"rendered":"A recomenda\u00e7\u00e3o \u00e9 feita num projeto de resolu\u00e7\u00e3o &#8211; sem for\u00e7a de lei &#8211; apresentado pela bancada liberal,&hellip;\n","protected":false},"author":2,"featured_media":175569,"comment_status":"","ping_status":"","sticky":false,"template":"","format":"standard","meta":{"footnotes":""},"categories":[50],"tags":[27,28,445,15,16,12055,301,14,4578,25,26,21,22,62,12,13,19,20,23,24,839,17,18,29,30,31,63,64,65],"class_list":{"0":"post-175568","1":"post","2":"type-post","3":"status-publish","4":"format-standard","5":"has-post-thumbnail","7":"category-mundo","8":"tag-breaking-news","9":"tag-breakingnews","10":"tag-europa","11":"tag-featured-news","12":"tag-featurednews","13":"tag-gas","14":"tag-governo","15":"tag-headlines","16":"tag-iniciativa-liberal","17":"tag-latest-news","18":"tag-latestnews","19":"tag-main-news","20":"tag-mainnews","21":"tag-mundo","22":"tag-news","23":"tag-noticias","24":"tag-noticias-principais","25":"tag-noticiasprincipais","26":"tag-principais-noticias","27":"tag-principaisnoticias","28":"tag-russia","29":"tag-top-stories","30":"tag-topstories","31":"tag-ultimas","32":"tag-ultimas-noticias","33":"tag-ultimasnoticias","34":"tag-world","35":"tag-world-news","36":"tag-worldnews"},"share_on_mastodon":{"url":"https:\/\/pubeurope.com\/@pt\/115662155230634685","error":""},"_links":{"self":[{"href":"https:\/\/www.europesays.com\/pt\/wp-json\/wp\/v2\/posts\/175568","targetHints":{"allow":["GET"]}}],"collection":[{"href":"https:\/\/www.europesays.com\/pt\/wp-json\/wp\/v2\/posts"}],"about":[{"href":"https:\/\/www.europesays.com\/pt\/wp-json\/wp\/v2\/types\/post"}],"author":[{"embeddable":true,"href":"https:\/\/www.europesays.com\/pt\/wp-json\/wp\/v2\/users\/2"}],"replies":[{"embeddable":true,"href":"https:\/\/www.europesays.com\/pt\/wp-json\/wp\/v2\/comments?post=175568"}],"version-history":[{"count":0,"href":"https:\/\/www.europesays.com\/pt\/wp-json\/wp\/v2\/posts\/175568\/revisions"}],"wp:featuredmedia":[{"embeddable":true,"href":"https:\/\/www.europesays.com\/pt\/wp-json\/wp\/v2\/media\/175569"}],"wp:attachment":[{"href":"https:\/\/www.europesays.com\/pt\/wp-json\/wp\/v2\/media?parent=175568"}],"wp:term":[{"taxonomy":"category","embeddable":true,"href":"https:\/\/www.europesays.com\/pt\/wp-json\/wp\/v2\/categories?post=175568"},{"taxonomy":"post_tag","embeddable":true,"href":"https:\/\/www.europesays.com\/pt\/wp-json\/wp\/v2\/tags?post=175568"}],"curies":[{"name":"wp","href":"https:\/\/api.w.org\/{rel}","templated":true}]}}