{"id":175572,"date":"2025-12-04T16:07:15","date_gmt":"2025-12-04T16:07:15","guid":{"rendered":"https:\/\/www.europesays.com\/pt\/175572\/"},"modified":"2025-12-04T16:07:15","modified_gmt":"2025-12-04T16:07:15","slug":"pacote-para-o-vinho-parlamento-e-conselho-europeu-chegam-a-acordo-sobre-regras-de-apoios","status":"publish","type":"post","link":"https:\/\/www.europesays.com\/pt\/175572\/","title":{"rendered":"&#8220;Pacote para o vinho&#8221;. Parlamento e Conselho Europeu chegam a acordo sobre regras de apoios"},"content":{"rendered":"<p>                O Parlamento Europeu e o Conselho chegaram esta quinta-feira a acordo sobre novas regras para apoiar os produtores de vinho da Uni\u00e3o Europeia.<\/p>\n<p><b>O entendimento prev\u00ea mais fundos para que os viticultores possam ajustar a produ\u00e7\u00e3o ao comportamento do mercado<\/b>. Os negociadores concordaram tamb\u00e9m em <b>flexibilizar e clarificar as regras relativas aos vinhos desalcoolizados<\/b>.O termo \u201csem \u00e1lcool\u201d, acompanhado da express\u00e3o \u201c0,0%\u201d, poder\u00e1 ser utilizado se o teor alco\u00f3lico do produto n\u00e3o exceder 0,05% em volume.  <br \/>&#13;\n<\/p>\n<p><b>Os produtos cujo teor alco\u00f3lico seja igual ou superior a 0,5% em volume e que sejam pelo menos 30% inferiores ao teor alco\u00f3lico da categoria de vinho<\/b>, antes da desalcooliza\u00e7\u00e3o, dever\u00e3o ser <b>rotulados como \u201ccom teor alco\u00f3lico reduzido\u201d<\/b>.<\/p>\n<p><b>Em casos de desastres naturais graves<\/b>, eventos clim\u00e1ticos, surtos de doen\u00e7as em plantas ou presen\u00e7a de pragas, <b>os viticultores ter\u00e3o um ano adicional para plantar ou replantar as videiras afetadas de castas de uva<\/b>.Os negociadores concordaram tamb\u00e9m em utilizar fundos da Uni\u00e3o Europeia para a remo\u00e7\u00e3o das videiras danificadas.<br \/>&#13;\n<\/p>\n<p>Os eurodeputados conseguiram ainda que <b>o limite m\u00e1ximo de pagamento nacional para a destila\u00e7\u00e3o de vinho e a colheita verde seja fixado em 25% dos fundos globais dispon\u00edveis por Estado-membro<\/b>.<\/p>\n<p>Este acordo entre o Parlamento e o Conselho prev\u00ea ainda <b>mais apoios para o enoturismo e promo\u00e7\u00e3o para exporta\u00e7\u00e3o.<\/b> As organiza\u00e7\u00f5es de produtores que gerem denomina\u00e7\u00f5es de origem protegidas e iniciativas de indica\u00e7\u00e3o geogr\u00e1fica protegida receber\u00e3o apoio adicional para promover o enoturismo.<\/p>\n<p>Por fim, <b>as novas regras permitir\u00e3o um melhor financiamento da Uni\u00e3o Europeia para campanhas promocionais de vinhos europeus de qualidade em pa\u00edses terceiros<\/b>. <\/p>\n<p>Assim, <b>a Uni\u00e3o Europeia apoiar\u00e1 at\u00e9 60%, enquanto os Estados-membros poder\u00e3o contribuir com at\u00e9 30% para pequenas e m\u00e9dias empresas e 20% para empresas maiores<\/b>, a fim de cobrir os custos de medidas de informa\u00e7\u00e3o e promo\u00e7\u00e3o, como publicidade, eventos, exposi\u00e7\u00f5es e estudos. <\/p>\n<p>Os custos e o plano de promo\u00e7\u00e3o podem ser financiados por tr\u00eas anos, renov\u00e1veis \u200b\u200bduas vezes pelo mesmo per\u00edodo, totalizando nove anos.<\/p>\n<p>O acordo agora alcan\u00e7ado ter\u00e1 ainda que ser aprovado pelo Parlamento e pelos Estados-membros.&#13;\n            <\/p>\n","protected":false},"excerpt":{"rendered":"O Parlamento Europeu e o Conselho chegaram esta quinta-feira a acordo sobre novas regras para apoiar os produtores&hellip;\n","protected":false},"author":2,"featured_media":175573,"comment_status":"","ping_status":"","sticky":false,"template":"","format":"standard","meta":{"footnotes":""},"categories":[8],"tags":[1836,12076,27,28,7962,15,16,14,25,26,21,22,12,13,19,20,8118,32,23,24,33,17,18,29,30,31,636,3911],"class_list":{"0":"post-175572","1":"post","2":"type-post","3":"status-publish","4":"format-standard","5":"has-post-thumbnail","7":"category-principais-noticias","8":"tag-acordo","9":"tag-apoios","10":"tag-breaking-news","11":"tag-breakingnews","12":"tag-conselho-europeu","13":"tag-featured-news","14":"tag-featurednews","15":"tag-headlines","16":"tag-latest-news","17":"tag-latestnews","18":"tag-main-news","19":"tag-mainnews","20":"tag-news","21":"tag-noticias","22":"tag-noticias-principais","23":"tag-noticiasprincipais","24":"tag-parlamento-europeu","25":"tag-portugal","26":"tag-principais-noticias","27":"tag-principaisnoticias","28":"tag-pt","29":"tag-top-stories","30":"tag-topstories","31":"tag-ultimas","32":"tag-ultimas-noticias","33":"tag-ultimasnoticias","34":"tag-uniao-europeia","35":"tag-vinho"},"share_on_mastodon":{"url":"https:\/\/pubeurope.com\/@pt\/115662162855830341","error":""},"_links":{"self":[{"href":"https:\/\/www.europesays.com\/pt\/wp-json\/wp\/v2\/posts\/175572","targetHints":{"allow":["GET"]}}],"collection":[{"href":"https:\/\/www.europesays.com\/pt\/wp-json\/wp\/v2\/posts"}],"about":[{"href":"https:\/\/www.europesays.com\/pt\/wp-json\/wp\/v2\/types\/post"}],"author":[{"embeddable":true,"href":"https:\/\/www.europesays.com\/pt\/wp-json\/wp\/v2\/users\/2"}],"replies":[{"embeddable":true,"href":"https:\/\/www.europesays.com\/pt\/wp-json\/wp\/v2\/comments?post=175572"}],"version-history":[{"count":0,"href":"https:\/\/www.europesays.com\/pt\/wp-json\/wp\/v2\/posts\/175572\/revisions"}],"wp:featuredmedia":[{"embeddable":true,"href":"https:\/\/www.europesays.com\/pt\/wp-json\/wp\/v2\/media\/175573"}],"wp:attachment":[{"href":"https:\/\/www.europesays.com\/pt\/wp-json\/wp\/v2\/media?parent=175572"}],"wp:term":[{"taxonomy":"category","embeddable":true,"href":"https:\/\/www.europesays.com\/pt\/wp-json\/wp\/v2\/categories?post=175572"},{"taxonomy":"post_tag","embeddable":true,"href":"https:\/\/www.europesays.com\/pt\/wp-json\/wp\/v2\/tags?post=175572"}],"curies":[{"name":"wp","href":"https:\/\/api.w.org\/{rel}","templated":true}]}}