{"id":175575,"date":"2025-12-04T16:09:10","date_gmt":"2025-12-04T16:09:10","guid":{"rendered":"https:\/\/www.europesays.com\/pt\/175575\/"},"modified":"2025-12-04T16:09:10","modified_gmt":"2025-12-04T16:09:10","slug":"salvador-ganha-dois-murais-de-grafite-em-homenagem-a-iansa-e-santa-barbara","status":"publish","type":"post","link":"https:\/\/www.europesays.com\/pt\/175575\/","title":{"rendered":"Salvador ganha dois murais de grafite em homenagem a Ians\u00e3 e Santa B\u00e1rbara"},"content":{"rendered":"<p data-start=\"177\" data-end=\"521\">Salvador recebeu nesta quinta-feira (4) dois novos murais de grafite dedicados a Santa B\u00e1rbara e Ians\u00e3, instalados no Mercado de Santa B\u00e1rbara, na Baixa dos Sapateiros. As obras integram o projeto Viva Salvador: arte, f\u00e9 e tradi\u00e7\u00e3o, que marca a estreia de uma s\u00e9rie de interven\u00e7\u00f5es urbanas em celebra\u00e7\u00e3o \u00e0s festas populares da capital baiana.<\/p>\n<p data-start=\"523\" data-end=\"764\">Os grafites foram produzidos em dois dias de trabalho intenso. Um dos murais \u00e9 assinado pelos artistas Bigod e Prisk, do Coletivo MUSAS \u2013 Museu de Street Art de Salvador. O outro foi criado por T\u00e1rcio V, refer\u00eancia na cena do grafite baiano.<\/p>\n<p data-start=\"766\" data-end=\"1153\">Idealizado pela Viva Ag\u00eancia de Ideias e dirigido por Paula Hazin, o projeto pretende transformar muros da cidade em pain\u00e9is de mem\u00f3ria e identidade, unindo arte urbana, religiosidade e tradi\u00e7\u00e3o. \u201cCome\u00e7amos pela festa de Santa B\u00e1rbara, que pinta nossa Salvador de vermelho. A ideia \u00e9 envolver arte, f\u00e9 e festa, trazendo beleza e ressignificando o uso dos espa\u00e7os p\u00fablicos\u201d, afirma Hazin.<\/p>\n<p><img fetchpriority=\"high\" decoding=\"async\" aria-describedby=\"caption-attachment-228144\" class=\"wp-image-228144 size-medium\" src=\"https:\/\/www.europesays.com\/pt\/wp-content\/uploads\/2025\/12\/Foto-Mather-Aguiar-Santa-1-720x480.jpg\" alt=\"\" width=\"720\" height=\"480\"  \/><\/p>\n<p id=\"caption-attachment-228144\" class=\"wp-caption-text\">Salvador ganha dois murais de grafite em homenagem a Ians\u00e3 e Santa B\u00e1rbara<\/p>\n<p data-start=\"1155\" data-end=\"1515\">O Viva Salvador prev\u00ea ao menos sete murais dedicados a festas populares como S\u00e3o L\u00e1zaro, Nossa Senhora da Concei\u00e7\u00e3o da Praia, Bom Jesus dos Navegantes, Lavagem do Bonfim, Iemanj\u00e1 e Carnaval. Os locais ser\u00e3o definidos em di\u00e1logo com comunidades e \u00f3rg\u00e3os p\u00fablicos, dando prioridade a \u00e1reas de grande circula\u00e7\u00e3o ou que passam por processos de degrada\u00e7\u00e3o urbana.<\/p>\n<p data-start=\"1517\" data-end=\"1791\">A iniciativa tamb\u00e9m possui um eixo educativo, com oficinas gratuitas de grafite para jovens de bairros populares, abordando t\u00e9cnicas de pintura, hist\u00f3ria da arte urbana e identidade cultural. Ao fim das atividades, os participantes ir\u00e3o colaborar na cria\u00e7\u00e3o de novos murais.<\/p>\n","protected":false},"excerpt":{"rendered":"Salvador recebeu nesta quinta-feira (4) dois novos murais de grafite dedicados a Santa B\u00e1rbara e Ians\u00e3, instalados no&hellip;\n","protected":false},"author":2,"featured_media":175576,"comment_status":"","ping_status":"","sticky":false,"template":"","format":"standard","meta":{"footnotes":""},"categories":[144],"tags":[207,205,206,203,201,202,204,114,115,32,33],"class_list":{"0":"post-175575","1":"post","2":"type-post","3":"status-publish","4":"format-standard","5":"has-post-thumbnail","7":"category-arte-e-design","8":"tag-arte","9":"tag-arte-e-design","10":"tag-artedesign","11":"tag-arts","12":"tag-arts-and-design","13":"tag-artsanddesign","14":"tag-design","15":"tag-entertainment","16":"tag-entretenimento","17":"tag-portugal","18":"tag-pt"},"share_on_mastodon":{"url":"https:\/\/pubeurope.com\/@pt\/115662170834403123","error":""},"_links":{"self":[{"href":"https:\/\/www.europesays.com\/pt\/wp-json\/wp\/v2\/posts\/175575","targetHints":{"allow":["GET"]}}],"collection":[{"href":"https:\/\/www.europesays.com\/pt\/wp-json\/wp\/v2\/posts"}],"about":[{"href":"https:\/\/www.europesays.com\/pt\/wp-json\/wp\/v2\/types\/post"}],"author":[{"embeddable":true,"href":"https:\/\/www.europesays.com\/pt\/wp-json\/wp\/v2\/users\/2"}],"replies":[{"embeddable":true,"href":"https:\/\/www.europesays.com\/pt\/wp-json\/wp\/v2\/comments?post=175575"}],"version-history":[{"count":0,"href":"https:\/\/www.europesays.com\/pt\/wp-json\/wp\/v2\/posts\/175575\/revisions"}],"wp:featuredmedia":[{"embeddable":true,"href":"https:\/\/www.europesays.com\/pt\/wp-json\/wp\/v2\/media\/175576"}],"wp:attachment":[{"href":"https:\/\/www.europesays.com\/pt\/wp-json\/wp\/v2\/media?parent=175575"}],"wp:term":[{"taxonomy":"category","embeddable":true,"href":"https:\/\/www.europesays.com\/pt\/wp-json\/wp\/v2\/categories?post=175575"},{"taxonomy":"post_tag","embeddable":true,"href":"https:\/\/www.europesays.com\/pt\/wp-json\/wp\/v2\/tags?post=175575"}],"curies":[{"name":"wp","href":"https:\/\/api.w.org\/{rel}","templated":true}]}}